{"id":4339,"date":"2025-08-23T22:35:24","date_gmt":"2025-08-23T21:35:24","guid":{"rendered":"http:\/\/www.westerwaldverein-daaden.de\/blog\/?p=4339"},"modified":"2025-08-23T22:35:24","modified_gmt":"2025-08-23T21:35:24","slug":"wandern-an-der-nister-da-wo-sich-kleine-und-grosse-nister-vereinigen","status":"publish","type":"post","link":"http:\/\/www.westerwaldverein-daaden.de\/blog\/2025\/08\/23\/wandern-an-der-nister-da-wo-sich-kleine-und-grosse-nister-vereinigen\/","title":{"rendered":"Wandern an der Nister, da wo sich \u201eKleine und Gro\u00dfe Nister\u201c vereinigen"},"content":{"rendered":"<p>Zu einer sch\u00f6nen Wanderung hatten sich am letzten Wochenende 24 Wanderfreunde eingefunden, die eine rund 6 Kilometer lange Wanderung in der Kroppacher Schweiz unternommen haben. Die beiden Nisterfl\u00fcsse waren das Gebiet, das sie besonders in den Blickpunkt genommen hatten. Am Zusammenfluss der beiden Fl\u00fcsse, auch schon mal das \u201eDeutsche Eck\u201c genannt, haben sich die Wanderinnen und Wanderer dann auch zu einem Gruppenfoto zusammen gestellt.<\/p>\n<div class=\"center\"><img loading=\"lazy\" decoding=\"async\" src=\"http:\/\/www.westerwaldverein-daaden.de\/blog\/wp-content\/uploads\/2025\/08\/Bericht-Nisterwanderung-2.jpg\" alt=\"\" width=\"420\" height=\"315\" class=\"alignnone size-full wp-image-4341\" srcset=\"http:\/\/www.westerwaldverein-daaden.de\/blog\/wp-content\/uploads\/2025\/08\/Bericht-Nisterwanderung-2.jpg 420w, http:\/\/www.westerwaldverein-daaden.de\/blog\/wp-content\/uploads\/2025\/08\/Bericht-Nisterwanderung-2-400x300.jpg 400w\" sizes=\"auto, (max-width: 420px) 100vw, 420px\" \/><\/div>\n<p>Wanderf\u00fchrer Gerhard G\u00f6rg hatte die Wanderstrecke ausgesucht und auch die Wandergruppe gef\u00fchrt. Zur Schlussrast trafen sich dann alle im Cafe Wilhelmsteg, wo leckere Waffeln mit Eis und Sahne eine gelungene Wanderung abschloss.<\/p>\n<div class=\"center\"><img loading=\"lazy\" decoding=\"async\" src=\"http:\/\/www.westerwaldverein-daaden.de\/blog\/wp-content\/uploads\/2025\/08\/Bericht-Nisterwanderung-6.jpg\" alt=\"\" width=\"420\" height=\"315\" class=\"alignnone size-full wp-image-4340\" srcset=\"http:\/\/www.westerwaldverein-daaden.de\/blog\/wp-content\/uploads\/2025\/08\/Bericht-Nisterwanderung-6.jpg 420w, http:\/\/www.westerwaldverein-daaden.de\/blog\/wp-content\/uploads\/2025\/08\/Bericht-Nisterwanderung-6-400x300.jpg 400w\" sizes=\"auto, (max-width: 420px) 100vw, 420px\" \/><\/div>\n<p><\/p>\n","protected":false},"excerpt":{"rendered":"<p>Zu einer sch\u00f6nen Wanderung hatten sich am letzten Wochenende 24 Wanderfreunde eingefunden, die eine rund 6 Kilometer lange Wanderung in der Kroppacher Schweiz unternommen haben. Die beiden Nisterfl\u00fcsse waren das Gebiet, das sie besonders in den Blickpunkt genommen hatten. Am Zusammenfluss der beiden Fl\u00fcsse, auch schon mal das \u201eDeutsche Eck\u201c genannt, haben sich die Wanderinnen [&hellip;]<\/p>\n","protected":false},"author":2,"featured_media":0,"comment_status":"closed","ping_status":"closed","sticky":false,"template":"","format":"standard","meta":{"footnotes":""},"categories":[5],"tags":[],"class_list":["post-4339","post","type-post","status-publish","format-standard","hentry","category-wanderungen"],"_links":{"self":[{"href":"http:\/\/www.westerwaldverein-daaden.de\/blog\/wp-json\/wp\/v2\/posts\/4339","targetHints":{"allow":["GET"]}}],"collection":[{"href":"http:\/\/www.westerwaldverein-daaden.de\/blog\/wp-json\/wp\/v2\/posts"}],"about":[{"href":"http:\/\/www.westerwaldverein-daaden.de\/blog\/wp-json\/wp\/v2\/types\/post"}],"author":[{"embeddable":true,"href":"http:\/\/www.westerwaldverein-daaden.de\/blog\/wp-json\/wp\/v2\/users\/2"}],"replies":[{"embeddable":true,"href":"http:\/\/www.westerwaldverein-daaden.de\/blog\/wp-json\/wp\/v2\/comments?post=4339"}],"version-history":[{"count":1,"href":"http:\/\/www.westerwaldverein-daaden.de\/blog\/wp-json\/wp\/v2\/posts\/4339\/revisions"}],"predecessor-version":[{"id":4342,"href":"http:\/\/www.westerwaldverein-daaden.de\/blog\/wp-json\/wp\/v2\/posts\/4339\/revisions\/4342"}],"wp:attachment":[{"href":"http:\/\/www.westerwaldverein-daaden.de\/blog\/wp-json\/wp\/v2\/media?parent=4339"}],"wp:term":[{"taxonomy":"category","embeddable":true,"href":"http:\/\/www.westerwaldverein-daaden.de\/blog\/wp-json\/wp\/v2\/categories?post=4339"},{"taxonomy":"post_tag","embeddable":true,"href":"http:\/\/www.westerwaldverein-daaden.de\/blog\/wp-json\/wp\/v2\/tags?post=4339"}],"curies":[{"name":"wp","href":"https:\/\/api.w.org\/{rel}","templated":true}]}}