{"id":4344,"date":"2025-08-29T17:22:48","date_gmt":"2025-08-29T16:22:48","guid":{"rendered":"http:\/\/www.westerwaldverein-daaden.de\/blog\/?p=4344"},"modified":"2025-08-29T17:36:06","modified_gmt":"2025-08-29T16:36:06","slug":"e-bike-tour-zur-tiefenrother-hoehe","status":"publish","type":"post","link":"http:\/\/www.westerwaldverein-daaden.de\/blog\/2025\/08\/29\/e-bike-tour-zur-tiefenrother-hoehe\/","title":{"rendered":"E-Bike Tour zur Tiefenrother H\u00f6he"},"content":{"rendered":"<p>F\u00fcr Anfang August hat der WWV Daaden eine E-Bike-Tour von Daaden zur Tiefenrother H\u00f6he angeboten. Diese konnten dann auch bei gutem Wetter, ohne Regen und mit vielen sonnigen Abschnitten durchgef\u00fchrt werden. Die Teilnehmer waren sehr angetan von den weiten Ausblicken in die Landschaft, die diese Tour geboten hat und haben auch die Natur im August genie\u00dfen k\u00f6nnen. <\/p>\n<div class=\"center\"><img loading=\"lazy\" decoding=\"async\" src=\"http:\/\/www.westerwaldverein-daaden.de\/blog\/wp-content\/uploads\/2025\/08\/tiefenrother_hoehe_1.jpg\" alt=\"\" width=\"420\" height=\"315\" class=\"alignnone size-full wp-image-4345\" srcset=\"http:\/\/www.westerwaldverein-daaden.de\/blog\/wp-content\/uploads\/2025\/08\/tiefenrother_hoehe_1.jpg 420w, http:\/\/www.westerwaldverein-daaden.de\/blog\/wp-content\/uploads\/2025\/08\/tiefenrother_hoehe_1-400x300.jpg 400w\" sizes=\"auto, (max-width: 420px) 100vw, 420px\" \/><\/div>\n<p>Die 56 Kilometer lange Wegstrecke mit zirka Tausend H\u00f6henmetern verlief teilweise auf dem Radweg von Wahlbach nach Gilsbach, weiter \u00fcber die H\u00f6hen der Kalteiche bis zur Tiefenrother H\u00f6he, oft auch im Wechsel durch eine sch\u00f6ne und schattige Waldlandschaft. Der R\u00fcckweg f\u00fchrte dann \u00fcber W\u00fcrgendorf, wo die Radfahrer noch die 700 Jahre alte Wehrkirche besichtigt konnten, weiter \u00fcber den Siegerland-H\u00f6henring. Nachdem man den Ort Lippe verlassen hatte, ging es nun bergab zur\u00fcck nach Daaden. <\/p>\n<div class=\"center\"><img loading=\"lazy\" decoding=\"async\" src=\"http:\/\/www.westerwaldverein-daaden.de\/blog\/wp-content\/uploads\/2025\/08\/tiefenrother_hoehe_2.jpg\" alt=\"\" width=\"420\" height=\"315\" class=\"alignnone size-full wp-image-4346\" srcset=\"http:\/\/www.westerwaldverein-daaden.de\/blog\/wp-content\/uploads\/2025\/08\/tiefenrother_hoehe_2.jpg 420w, http:\/\/www.westerwaldverein-daaden.de\/blog\/wp-content\/uploads\/2025\/08\/tiefenrother_hoehe_2-400x300.jpg 400w\" sizes=\"auto, (max-width: 420px) 100vw, 420px\" \/><\/div>\n<p>F\u00fcr alle Teilnehmer war es nach einstimmiger Aussage eine sch\u00f6ne und erlebnisreiche E-Bike-Tour.<\/p>\n","protected":false},"excerpt":{"rendered":"<p>F\u00fcr Anfang August hat der WWV Daaden eine E-Bike-Tour von Daaden zur Tiefenrother H\u00f6he angeboten. Diese konnten dann auch bei gutem Wetter, ohne Regen und mit vielen sonnigen Abschnitten durchgef\u00fchrt werden. Die Teilnehmer waren sehr angetan von den weiten Ausblicken in die Landschaft, die diese Tour geboten hat und haben auch die Natur im August [&hellip;]<\/p>\n","protected":false},"author":2,"featured_media":0,"comment_status":"closed","ping_status":"closed","sticky":false,"template":"","format":"standard","meta":{"footnotes":""},"categories":[5],"tags":[],"class_list":["post-4344","post","type-post","status-publish","format-standard","hentry","category-wanderungen"],"_links":{"self":[{"href":"http:\/\/www.westerwaldverein-daaden.de\/blog\/wp-json\/wp\/v2\/posts\/4344","targetHints":{"allow":["GET"]}}],"collection":[{"href":"http:\/\/www.westerwaldverein-daaden.de\/blog\/wp-json\/wp\/v2\/posts"}],"about":[{"href":"http:\/\/www.westerwaldverein-daaden.de\/blog\/wp-json\/wp\/v2\/types\/post"}],"author":[{"embeddable":true,"href":"http:\/\/www.westerwaldverein-daaden.de\/blog\/wp-json\/wp\/v2\/users\/2"}],"replies":[{"embeddable":true,"href":"http:\/\/www.westerwaldverein-daaden.de\/blog\/wp-json\/wp\/v2\/comments?post=4344"}],"version-history":[{"count":2,"href":"http:\/\/www.westerwaldverein-daaden.de\/blog\/wp-json\/wp\/v2\/posts\/4344\/revisions"}],"predecessor-version":[{"id":4348,"href":"http:\/\/www.westerwaldverein-daaden.de\/blog\/wp-json\/wp\/v2\/posts\/4344\/revisions\/4348"}],"wp:attachment":[{"href":"http:\/\/www.westerwaldverein-daaden.de\/blog\/wp-json\/wp\/v2\/media?parent=4344"}],"wp:term":[{"taxonomy":"category","embeddable":true,"href":"http:\/\/www.westerwaldverein-daaden.de\/blog\/wp-json\/wp\/v2\/categories?post=4344"},{"taxonomy":"post_tag","embeddable":true,"href":"http:\/\/www.westerwaldverein-daaden.de\/blog\/wp-json\/wp\/v2\/tags?post=4344"}],"curies":[{"name":"wp","href":"https:\/\/api.w.org\/{rel}","templated":true}]}}