{"id":4350,"date":"2025-09-14T10:03:05","date_gmt":"2025-09-14T09:03:05","guid":{"rendered":"http:\/\/www.westerwaldverein-daaden.de\/blog\/?p=4350"},"modified":"2025-09-14T10:03:49","modified_gmt":"2025-09-14T09:03:49","slug":"neuer-heimatkalender-erschienen","status":"publish","type":"post","link":"http:\/\/www.westerwaldverein-daaden.de\/blog\/2025\/09\/14\/neuer-heimatkalender-erschienen\/","title":{"rendered":"Neuer Heimatkalender erschienen"},"content":{"rendered":"<div style=\"float: left;\"><img loading=\"lazy\" decoding=\"async\" style=\"border: 0; margin: 10px;\" src=\"http:\/\/www.westerwaldverein-daaden.de\/blog\/wp-content\/uploads\/2025\/09\/Logo-HGDL-im-WWV-Daaden-150x150.jpg\" alt=\"\" width=\"150\" height=\"150\" class=\"alignnone size-thumbnail wp-image-4351\" srcset=\"http:\/\/www.westerwaldverein-daaden.de\/blog\/wp-content\/uploads\/2025\/09\/Logo-HGDL-im-WWV-Daaden-150x150.jpg 150w, http:\/\/www.westerwaldverein-daaden.de\/blog\/wp-content\/uploads\/2025\/09\/Logo-HGDL-im-WWV-Daaden-397x400.jpg 397w, http:\/\/www.westerwaldverein-daaden.de\/blog\/wp-content\/uploads\/2025\/09\/Logo-HGDL-im-WWV-Daaden.jpg 481w\" sizes=\"auto, (max-width: 150px) 100vw, 150px\" \/><\/div>\n<p>Die Abteilung Heimatgeschichte Daadener Land im Westerwald-Verein Daaden e.V. hat einen Heimatkalender f\u00fcr 2026 herausgeben. Abgebildet sind darin \u00e4ltere und neue Fotos aus verschiedenen Ortschaften in der Verbandsgemeinde Daaden-Herdorf mit kurzen erl\u00e4uternden Texten, so wie dies auch bei den in den vergangenen Jahren aufgelegten Heimatkalendern der Fall war.<\/p>\n<p>Das Deckblatt des neuen Kalenders zeigt eine Innenaufnahme der fr\u00fcheren Siegfriedh\u00fctte auf dem Stegskopf. Auf den Monatsbl\u00e4ttern sind alte Fachwerkh\u00e4user aus Herdorf und Emmerzhausen zu sehen oder ein fr\u00fcherer Dorfladen in Niederdreisbach, wie er typisch f\u00fcr die kleineren Ortschaften war. Die winterlichen Gesamtansichten von Daaden erinnern an die Zeit, als es noch mehr Schnee in unserer Heimat gab als heute. Fotos vom Lohsch\u00e4len in Daaden und der Getreideernte in Sassenroth lassen die Haubergs- und Landwirtschaft lebendig werden. In Biersdorf ging vor 60 Jahren der Bergbau mit der Schlie\u00dfung der Grube F\u00fcsseberg zu Ende; hieran erinnert ein Foto von der einst gr\u00f6\u00dften Eisenerzgrube in unserer Region. Dem neu gestalteten Platz an der Grundschule in Weitefeld steht in Foto mit einer fr\u00fcheren Ansicht gegen\u00fcber und die h\u00f6chstgelegene Gemeinde im Daadener Land, Nisterberg, ist auf einer \u00e4lteren und einer neueren Gesamtansicht zu sehen. Das Forsthaus in Schutzbach ist auf einer aktuellen und einer \u00e4lteren Ansicht abgebildet und schlie\u00dflich pr\u00e4sentiert sich im Schlossdorf Friedewald Graf Alexander von Hachenburg vor einem der Tore zum Schlosspark.<\/p>\n<div class=\"center\"><a href=\"http:\/\/www.westerwaldverein-daaden.de\/blog\/wp-content\/uploads\/2025\/09\/Kalender-2026.-Deckblatt-800.jpg\" data-rel=\"lightbox-gallery-ZqJZpKxR\" data-rl_title=\"\" data-rl_caption=\"\" title=\"\"><img loading=\"lazy\" decoding=\"async\" src=\"http:\/\/www.westerwaldverein-daaden.de\/blog\/wp-content\/uploads\/2025\/09\/Kalender-2026.-Deckblatt-800-285x400.jpg\" alt=\"\" width=\"285\" height=\"400\" class=\"alignnone size-medium wp-image-4352\" srcset=\"http:\/\/www.westerwaldverein-daaden.de\/blog\/wp-content\/uploads\/2025\/09\/Kalender-2026.-Deckblatt-800-285x400.jpg 285w, http:\/\/www.westerwaldverein-daaden.de\/blog\/wp-content\/uploads\/2025\/09\/Kalender-2026.-Deckblatt-800.jpg 570w\" sizes=\"auto, (max-width: 285px) 100vw, 285px\" \/><br \/><small>(Zum Vergr\u00f6\u00dfern anklicken)<\/small><\/a><\/div>\n<p>Der Kalender kostet 6,90 Euro und kann bei folgenden Verkaufsstellen erworben werden: Poststelle Daaden, B\u00fcrohaus Jung in Daaden, Glashaus in Daaden, REWE-Markt in Biersdorf, Tankstelle Friedewald, Buchhandlung Braun in Herdorf, Heimatmuseum Daaden und bei den Mitgliedern der Abteilung Heimatgeschichte im Westerwald-Verein Daaden e.V.<\/p>\n<p>Sie k\u00f6nnen sich gerne mit uns per E-Mail unter der Adresse <a href=\"mailto:info@westerwaldverein-daaden.de\">info@westerwaldverein-daaden.de<\/a> oder mit dem Vorsitzenden des Westerwald-Vereins unter der Tel.-Nr. 02743\/4326 in Verbindung setzen oder uns pers\u00f6nlich aufsuchen. Das Heimatarchiv in der Alten Post im Sch\u00fctzenhof in Daaden ist an jedem ersten Mittwoch im Monat von 16:00 bis 18:00 Uhr ge\u00f6ffnet. <\/p>\n","protected":false},"excerpt":{"rendered":"<p>Die Abteilung Heimatgeschichte Daadener Land im Westerwald-Verein Daaden e.V. hat einen Heimatkalender f\u00fcr 2026 herausgeben. Abgebildet sind darin \u00e4ltere und neue Fotos aus verschiedenen Ortschaften in der Verbandsgemeinde Daaden-Herdorf mit kurzen erl\u00e4uternden Texten, so wie dies auch bei den in den vergangenen Jahren aufgelegten Heimatkalendern der Fall war. Das Deckblatt des neuen Kalenders zeigt eine [&hellip;]<\/p>\n","protected":false},"author":2,"featured_media":0,"comment_status":"closed","ping_status":"closed","sticky":false,"template":"","format":"standard","meta":{"footnotes":""},"categories":[3],"tags":[],"class_list":["post-4350","post","type-post","status-publish","format-standard","hentry","category-heimatgeschichte"],"_links":{"self":[{"href":"http:\/\/www.westerwaldverein-daaden.de\/blog\/wp-json\/wp\/v2\/posts\/4350","targetHints":{"allow":["GET"]}}],"collection":[{"href":"http:\/\/www.westerwaldverein-daaden.de\/blog\/wp-json\/wp\/v2\/posts"}],"about":[{"href":"http:\/\/www.westerwaldverein-daaden.de\/blog\/wp-json\/wp\/v2\/types\/post"}],"author":[{"embeddable":true,"href":"http:\/\/www.westerwaldverein-daaden.de\/blog\/wp-json\/wp\/v2\/users\/2"}],"replies":[{"embeddable":true,"href":"http:\/\/www.westerwaldverein-daaden.de\/blog\/wp-json\/wp\/v2\/comments?post=4350"}],"version-history":[{"count":3,"href":"http:\/\/www.westerwaldverein-daaden.de\/blog\/wp-json\/wp\/v2\/posts\/4350\/revisions"}],"predecessor-version":[{"id":4363,"href":"http:\/\/www.westerwaldverein-daaden.de\/blog\/wp-json\/wp\/v2\/posts\/4350\/revisions\/4363"}],"wp:attachment":[{"href":"http:\/\/www.westerwaldverein-daaden.de\/blog\/wp-json\/wp\/v2\/media?parent=4350"}],"wp:term":[{"taxonomy":"category","embeddable":true,"href":"http:\/\/www.westerwaldverein-daaden.de\/blog\/wp-json\/wp\/v2\/categories?post=4350"},{"taxonomy":"post_tag","embeddable":true,"href":"http:\/\/www.westerwaldverein-daaden.de\/blog\/wp-json\/wp\/v2\/tags?post=4350"}],"curies":[{"name":"wp","href":"https:\/\/api.w.org\/{rel}","templated":true}]}}