{"id":4365,"date":"2025-09-21T12:45:06","date_gmt":"2025-09-21T11:45:06","guid":{"rendered":"http:\/\/www.westerwaldverein-daaden.de\/blog\/?p=4365"},"modified":"2025-09-21T12:46:21","modified_gmt":"2025-09-21T11:46:21","slug":"wandern-und-anschliessend-eine-leckere-fischmahlzeit","status":"publish","type":"post","link":"http:\/\/www.westerwaldverein-daaden.de\/blog\/2025\/09\/21\/wandern-und-anschliessend-eine-leckere-fischmahlzeit\/","title":{"rendered":"Wandern und anschlie\u00dfend eine leckere Fischmahlzeit!"},"content":{"rendered":"<p><strong>Der WWV Daaden wanderte in Dierdorf mit Treff im Fischlokal Isertal<\/strong><\/p>\n<p>Es ist schon zu einer beliebten Tradition geworden, dass einmal im Wanderjahr, wenn auch die Tage dann schon herbstlicher werden, eine kurze Wanderung mit einer Einkehr in einem typischen Fischlokal abschlie\u00dft. So hatte Wanderf\u00fchrer Gerhard G\u00f6rg, genau wie im Vorjahr wieder die Fischerh\u00fctte \u201eZum Isertal\u201c ausgesucht.<\/p>\n<div class=\"center\"><a href=\"http:\/\/www.westerwaldverein-daaden.de\/blog\/wp-content\/uploads\/2025\/09\/WWV_Fischessen_2025-2.jpg\" data-rel=\"lightbox-gallery-3eIiwDho\" data-rl_title=\"\" data-rl_caption=\"\" title=\"\"><img loading=\"lazy\" decoding=\"async\" src=\"http:\/\/www.westerwaldverein-daaden.de\/blog\/wp-content\/uploads\/2025\/09\/WWV_Fischessen_2025-2.jpg\" alt=\"\" width=\"420\" height=\"315\" class=\"alignnone size-full wp-image-4367\" srcset=\"http:\/\/www.westerwaldverein-daaden.de\/blog\/wp-content\/uploads\/2025\/09\/WWV_Fischessen_2025-2.jpg 420w, http:\/\/www.westerwaldverein-daaden.de\/blog\/wp-content\/uploads\/2025\/09\/WWV_Fischessen_2025-2-400x300.jpg 400w\" sizes=\"auto, (max-width: 420px) 100vw, 420px\" \/><\/a><\/div>\n<p>Zur rund 4 Kilometer langen Wandertour rund um Dierdorf hatten sich 12 Wanderfreunde eingefunden, die den sch\u00f6nen Ort etwas besser kennen lernen durften. <\/p>\n<div class=\"center\"><a href=\"http:\/\/www.westerwaldverein-daaden.de\/blog\/wp-content\/uploads\/2025\/09\/WWV_Fischessen_2025-5.jpg\" data-rel=\"lightbox-gallery-3eIiwDho\" data-rl_title=\"\" data-rl_caption=\"\" title=\"\"><img loading=\"lazy\" decoding=\"async\" src=\"http:\/\/www.westerwaldverein-daaden.de\/blog\/wp-content\/uploads\/2025\/09\/WWV_Fischessen_2025-5.jpg\" alt=\"\" width=\"315\" height=\"420\" class=\"alignnone size-full wp-image-4366\" srcset=\"http:\/\/www.westerwaldverein-daaden.de\/blog\/wp-content\/uploads\/2025\/09\/WWV_Fischessen_2025-5.jpg 315w, http:\/\/www.westerwaldverein-daaden.de\/blog\/wp-content\/uploads\/2025\/09\/WWV_Fischessen_2025-5-300x400.jpg 300w\" sizes=\"auto, (max-width: 315px) 100vw, 315px\" \/><\/a><\/div>\n<p>Doch im Fischlokal waren es 18 Personen, ein Beleg daf\u00fcr, dass dies gut ankommt, selbst, wenn der Weg ins Isertal ganz sch\u00f6n weit ist. Somit sollte eine derartige Wanderung auch f\u00fcr das n\u00e4chste Jahr ins Wanderprogramm aufgenommen werden.<\/p>\n","protected":false},"excerpt":{"rendered":"<p>Der WWV Daaden wanderte in Dierdorf mit Treff im Fischlokal Isertal Es ist schon zu einer beliebten Tradition geworden, dass einmal im Wanderjahr, wenn auch die Tage dann schon herbstlicher werden, eine kurze Wanderung mit einer Einkehr in einem typischen Fischlokal abschlie\u00dft. So hatte Wanderf\u00fchrer Gerhard G\u00f6rg, genau wie im Vorjahr wieder die Fischerh\u00fctte \u201eZum [&hellip;]<\/p>\n","protected":false},"author":2,"featured_media":0,"comment_status":"closed","ping_status":"closed","sticky":false,"template":"","format":"standard","meta":{"footnotes":""},"categories":[5],"tags":[],"class_list":["post-4365","post","type-post","status-publish","format-standard","hentry","category-wanderungen"],"_links":{"self":[{"href":"http:\/\/www.westerwaldverein-daaden.de\/blog\/wp-json\/wp\/v2\/posts\/4365","targetHints":{"allow":["GET"]}}],"collection":[{"href":"http:\/\/www.westerwaldverein-daaden.de\/blog\/wp-json\/wp\/v2\/posts"}],"about":[{"href":"http:\/\/www.westerwaldverein-daaden.de\/blog\/wp-json\/wp\/v2\/types\/post"}],"author":[{"embeddable":true,"href":"http:\/\/www.westerwaldverein-daaden.de\/blog\/wp-json\/wp\/v2\/users\/2"}],"replies":[{"embeddable":true,"href":"http:\/\/www.westerwaldverein-daaden.de\/blog\/wp-json\/wp\/v2\/comments?post=4365"}],"version-history":[{"count":2,"href":"http:\/\/www.westerwaldverein-daaden.de\/blog\/wp-json\/wp\/v2\/posts\/4365\/revisions"}],"predecessor-version":[{"id":4369,"href":"http:\/\/www.westerwaldverein-daaden.de\/blog\/wp-json\/wp\/v2\/posts\/4365\/revisions\/4369"}],"wp:attachment":[{"href":"http:\/\/www.westerwaldverein-daaden.de\/blog\/wp-json\/wp\/v2\/media?parent=4365"}],"wp:term":[{"taxonomy":"category","embeddable":true,"href":"http:\/\/www.westerwaldverein-daaden.de\/blog\/wp-json\/wp\/v2\/categories?post=4365"},{"taxonomy":"post_tag","embeddable":true,"href":"http:\/\/www.westerwaldverein-daaden.de\/blog\/wp-json\/wp\/v2\/tags?post=4365"}],"curies":[{"name":"wp","href":"https:\/\/api.w.org\/{rel}","templated":true}]}}