{"id":4370,"date":"2025-09-26T08:53:17","date_gmt":"2025-09-26T07:53:17","guid":{"rendered":"http:\/\/www.westerwaldverein-daaden.de\/blog\/?p=4370"},"modified":"2025-09-26T08:53:17","modified_gmt":"2025-09-26T07:53:17","slug":"tageswanderung-erlebnis-wildenburger-land","status":"publish","type":"post","link":"http:\/\/www.westerwaldverein-daaden.de\/blog\/2025\/09\/26\/tageswanderung-erlebnis-wildenburger-land\/","title":{"rendered":"Tageswanderung: Erlebnis \u201eWildenburger Land\u201c"},"content":{"rendered":"<p>Am <strong>Sonntag, 28. September 2025<\/strong> erwartet Sie eine Wanderung im sch\u00f6nen Wildenburger Land.<br \/>\nDie L\u00e4nge der Wanderung betr\u00e4gt ca.13,5 Kilometer und hat 350 H\u00f6henmeter, welche mit ein wenig Kondition aber zu bew\u00e4ltigen ist. Die Wanderzeit dazu betr\u00e4gt mit Pausen und den Erkl\u00e4rungen ca. 4,5 Stunden.<\/p>\n<div class=\"center\"><img loading=\"lazy\" decoding=\"async\" src=\"http:\/\/www.westerwaldverein-daaden.de\/blog\/wp-content\/uploads\/2025\/05\/rote_kapelle_im_fruehling.jpg\" alt=\"\" width=\"420\" height=\"280\" class=\"alignnone size-full wp-image-4279\" srcset=\"http:\/\/www.westerwaldverein-daaden.de\/blog\/wp-content\/uploads\/2025\/05\/rote_kapelle_im_fruehling.jpg 420w, http:\/\/www.westerwaldverein-daaden.de\/blog\/wp-content\/uploads\/2025\/05\/rote_kapelle_im_fruehling-400x267.jpg 400w\" sizes=\"auto, (max-width: 420px) 100vw, 420px\" \/><br \/><small>Foto: Michael Bender, \u201eRote Kapelle im Fr\u00fchling\u201c<\/small><\/div>\n<p>Startpunkt der Wanderung ist um 10.30 Uhr, der Parkplatz am Sportplatz in Friesenhagen. Die Wanderung f\u00fchrt von dort zur Kreuzkapelle und dann weiter vorbei am Schloss Crottorf zum FriedWald Wildenburger Land. Dann geht es hinauf auf den Pilgerweg Marburg- K\u00f6ln und \u00fcber den Hexenweg zur Rochuskapelle. Von dort kann man schon die Wildenburg sehen, den n\u00e4chsten Zwischenpunkt der Wanderung. Von der Wildenburg f\u00fchrt die Wanderung auf dem Hexenweg zur St. Anna Kapelle (Rote Kapelle) auf dem Blumenberg und dann zur\u00fcck zum Ausgangspunkt der sch\u00f6nen Wanderstrecke. <\/p>\n<p><strong>Wichtig !!: Festes Schuhwerk<\/strong><\/p>\n<p>Hinweis:<br \/>\nDie Wanderung findet bei jedem Wetter statt und die Teilnahme an der Wanderung erfolgt auf eigene Gefahr. Veranstalter der Wanderung ist der Westerwald-Verein Daaden e.V. \u201eNicht-Mitglieder\u201c des Westerwald-Verein Daaden e.V. sind herzlich willkommen.<br \/>\nDer Westerwald-Verein Daaden e.V. und seine Wanderf\u00fchrer \u00fcbernehmen keine Haftung bei etwaigen Unf\u00e4llen, Personen- oder Sachsch\u00e4den, Verlusten oder Versp\u00e4tungen.<\/p>\n<p>Leitung: Rainer Gerhardus<br \/>\nTel.: 0151 50833049<\/p>\n<p><strong>Uhrzeit\/Treffpunkt: 9.30 Uhr,<br \/>\n57567 Daaden Parkplatz\/Festplatz <\/strong><br \/>\n(N\u00e4he Bahnhof) Navigationsger\u00e4t: Daaden, Bahnhofstr. 6<br \/>\nVeranstalter: Westerwald-Verein Daaden e.V.<br \/>\nKontakt: <a href=\"mailto:vorstand@westerwaldverein-daaden.de\">vorstand@westerwaldverein-daaden.de<\/a> <\/p>\n","protected":false},"excerpt":{"rendered":"<p>Am Sonntag, 28. September 2025 erwartet Sie eine Wanderung im sch\u00f6nen Wildenburger Land. Die L\u00e4nge der Wanderung betr\u00e4gt ca.13,5 Kilometer und hat 350 H\u00f6henmeter, welche mit ein wenig Kondition aber zu bew\u00e4ltigen ist. Die Wanderzeit dazu betr\u00e4gt mit Pausen und den Erkl\u00e4rungen ca. 4,5 Stunden. Foto: Michael Bender, \u201eRote Kapelle im Fr\u00fchling\u201c Startpunkt der Wanderung [&hellip;]<\/p>\n","protected":false},"author":2,"featured_media":0,"comment_status":"closed","ping_status":"closed","sticky":false,"template":"","format":"standard","meta":{"footnotes":""},"categories":[2],"tags":[],"class_list":["post-4370","post","type-post","status-publish","format-standard","hentry","category-ankuendigungen"],"_links":{"self":[{"href":"http:\/\/www.westerwaldverein-daaden.de\/blog\/wp-json\/wp\/v2\/posts\/4370","targetHints":{"allow":["GET"]}}],"collection":[{"href":"http:\/\/www.westerwaldverein-daaden.de\/blog\/wp-json\/wp\/v2\/posts"}],"about":[{"href":"http:\/\/www.westerwaldverein-daaden.de\/blog\/wp-json\/wp\/v2\/types\/post"}],"author":[{"embeddable":true,"href":"http:\/\/www.westerwaldverein-daaden.de\/blog\/wp-json\/wp\/v2\/users\/2"}],"replies":[{"embeddable":true,"href":"http:\/\/www.westerwaldverein-daaden.de\/blog\/wp-json\/wp\/v2\/comments?post=4370"}],"version-history":[{"count":1,"href":"http:\/\/www.westerwaldverein-daaden.de\/blog\/wp-json\/wp\/v2\/posts\/4370\/revisions"}],"predecessor-version":[{"id":4371,"href":"http:\/\/www.westerwaldverein-daaden.de\/blog\/wp-json\/wp\/v2\/posts\/4370\/revisions\/4371"}],"wp:attachment":[{"href":"http:\/\/www.westerwaldverein-daaden.de\/blog\/wp-json\/wp\/v2\/media?parent=4370"}],"wp:term":[{"taxonomy":"category","embeddable":true,"href":"http:\/\/www.westerwaldverein-daaden.de\/blog\/wp-json\/wp\/v2\/categories?post=4370"},{"taxonomy":"post_tag","embeddable":true,"href":"http:\/\/www.westerwaldverein-daaden.de\/blog\/wp-json\/wp\/v2\/tags?post=4370"}],"curies":[{"name":"wp","href":"https:\/\/api.w.org\/{rel}","templated":true}]}}