{"id":4372,"date":"2025-09-28T15:38:30","date_gmt":"2025-09-28T14:38:30","guid":{"rendered":"http:\/\/www.westerwaldverein-daaden.de\/blog\/?p=4372"},"modified":"2025-09-28T15:38:30","modified_gmt":"2025-09-28T14:38:30","slug":"wanderung-auf-dem-traumpfad-rheingoldbogen","status":"publish","type":"post","link":"http:\/\/www.westerwaldverein-daaden.de\/blog\/2025\/09\/28\/wanderung-auf-dem-traumpfad-rheingoldbogen\/","title":{"rendered":"Wanderung auf dem Traumpfad \u201eRheingoldbogen\u201c"},"content":{"rendered":"<p><strong>Westerwald-Verein Daaden wieder auf Wandertour am Rhein<\/strong><\/p>\n<p>Zu einer sch\u00f6nen und auch besonderen Wanderung trafen sich Anfang September 15 Wanderfreunde vom Westerwald-Verein Daaden in Brey am Rhein. Jedes Jahr ist am Rhein eine Wanderung im Programm der Wanderfreunde vorgesehen, um ein weiteres St\u00fcck der sehr sch\u00f6nen Rheinlandschaft hier im Bereich \u201eWeltkulturerbe Mittelrhein\u201c zu erleben. <\/p>\n<div class=\"center\"><img loading=\"lazy\" decoding=\"async\" src=\"http:\/\/www.westerwaldverein-daaden.de\/blog\/wp-content\/uploads\/2025\/09\/Rheinwanderung_09_2025-2.jpeg\" alt=\"\" width=\"420\" height=\"315\" class=\"alignnone size-full wp-image-4376\" srcset=\"http:\/\/www.westerwaldverein-daaden.de\/blog\/wp-content\/uploads\/2025\/09\/Rheinwanderung_09_2025-2.jpeg 420w, http:\/\/www.westerwaldverein-daaden.de\/blog\/wp-content\/uploads\/2025\/09\/Rheinwanderung_09_2025-2-400x300.jpeg 400w\" sizes=\"auto, (max-width: 420px) 100vw, 420px\" \/><\/div>\n<p>Wanderf\u00fchrer Heinz Lorenz hatte auch in diesem Jahr die Wanderung ausgesucht, sie vorbereitet und auch gef\u00fchrt. Diese ca. 13 Kilometer lange Tour, f\u00fchrte bei sch\u00f6nstem Wanderwetter zuerst durch den alten Ortsteil von Brey. Danach ging es weiter leicht bergauf durch einen herrlichen Mischwald bis zum Standort der Info-Tafeln, die im Text ausf\u00fchrlich auf die ehemalige r\u00f6mische Wasserleitung (sicher eine technische Meisterleistung der R\u00f6mer) hinweisen. Nach der ersten Rast verlief der weitere Weg dann auf schmalen Pfaden zu einem sehr sch\u00f6nen Aussichtspunkt, von wo man einen wunderbaren Ausblick ins Rheintal und auf die gegen\u00fcberliegende Marksburg genie\u00dfen konnte. Ein idealer Standort f\u00fcr die Mittagspause.<\/p>\n<div class=\"center\"><img loading=\"lazy\" decoding=\"async\" src=\"http:\/\/www.westerwaldverein-daaden.de\/blog\/wp-content\/uploads\/2025\/09\/Rheinwanderung_09_2025-1.jpeg\" alt=\"\" width=\"315\" height=\"420\" class=\"alignnone size-full wp-image-4377\" srcset=\"http:\/\/www.westerwaldverein-daaden.de\/blog\/wp-content\/uploads\/2025\/09\/Rheinwanderung_09_2025-1.jpeg 315w, http:\/\/www.westerwaldverein-daaden.de\/blog\/wp-content\/uploads\/2025\/09\/Rheinwanderung_09_2025-1-300x400.jpeg 300w\" sizes=\"auto, (max-width: 315px) 100vw, 315px\" \/><\/div>\n<p>Gut gest\u00e4rkt ging es nun weiter in Richtung Kloster Jakobsberg und bergab durch das Weinparadies Bopparder Hamm, wieder mit sch\u00f6nen Ausblicken ins Rheintal. Nach der Mittagspause f\u00fchrte die Wanderroute dann durch ein flaches Hochplateau und zwischen Wiesen und Maisfeldern an der Marienkapelle vorbei wieder zum Parkplatz in Brey zur\u00fcck.<\/p>\n<p>Die Schlussrast war jedoch wieder in der Heimat, wo die Wanderfreunde hier in Weitefeld in einer Gastwirtschaft bei gutem Essen den gelungenen Wandertag ausklingen lassen konnten.<\/p>\n","protected":false},"excerpt":{"rendered":"<p>Westerwald-Verein Daaden wieder auf Wandertour am Rhein Zu einer sch\u00f6nen und auch besonderen Wanderung trafen sich Anfang September 15 Wanderfreunde vom Westerwald-Verein Daaden in Brey am Rhein. Jedes Jahr ist am Rhein eine Wanderung im Programm der Wanderfreunde vorgesehen, um ein weiteres St\u00fcck der sehr sch\u00f6nen Rheinlandschaft hier im Bereich \u201eWeltkulturerbe Mittelrhein\u201c zu erleben. Wanderf\u00fchrer [&hellip;]<\/p>\n","protected":false},"author":2,"featured_media":0,"comment_status":"closed","ping_status":"closed","sticky":false,"template":"","format":"standard","meta":{"footnotes":""},"categories":[5],"tags":[],"class_list":["post-4372","post","type-post","status-publish","format-standard","hentry","category-wanderungen"],"_links":{"self":[{"href":"http:\/\/www.westerwaldverein-daaden.de\/blog\/wp-json\/wp\/v2\/posts\/4372","targetHints":{"allow":["GET"]}}],"collection":[{"href":"http:\/\/www.westerwaldverein-daaden.de\/blog\/wp-json\/wp\/v2\/posts"}],"about":[{"href":"http:\/\/www.westerwaldverein-daaden.de\/blog\/wp-json\/wp\/v2\/types\/post"}],"author":[{"embeddable":true,"href":"http:\/\/www.westerwaldverein-daaden.de\/blog\/wp-json\/wp\/v2\/users\/2"}],"replies":[{"embeddable":true,"href":"http:\/\/www.westerwaldverein-daaden.de\/blog\/wp-json\/wp\/v2\/comments?post=4372"}],"version-history":[{"count":2,"href":"http:\/\/www.westerwaldverein-daaden.de\/blog\/wp-json\/wp\/v2\/posts\/4372\/revisions"}],"predecessor-version":[{"id":4378,"href":"http:\/\/www.westerwaldverein-daaden.de\/blog\/wp-json\/wp\/v2\/posts\/4372\/revisions\/4378"}],"wp:attachment":[{"href":"http:\/\/www.westerwaldverein-daaden.de\/blog\/wp-json\/wp\/v2\/media?parent=4372"}],"wp:term":[{"taxonomy":"category","embeddable":true,"href":"http:\/\/www.westerwaldverein-daaden.de\/blog\/wp-json\/wp\/v2\/categories?post=4372"},{"taxonomy":"post_tag","embeddable":true,"href":"http:\/\/www.westerwaldverein-daaden.de\/blog\/wp-json\/wp\/v2\/tags?post=4372"}],"curies":[{"name":"wp","href":"https:\/\/api.w.org\/{rel}","templated":true}]}}