{"id":4420,"date":"2025-11-19T18:40:13","date_gmt":"2025-11-19T17:40:13","guid":{"rendered":"http:\/\/www.westerwaldverein-daaden.de\/blog\/?p=4420"},"modified":"2025-11-19T18:41:47","modified_gmt":"2025-11-19T17:41:47","slug":"jahresabschusswanderung-des-westerwald-vereins-daaden","status":"publish","type":"post","link":"http:\/\/www.westerwaldverein-daaden.de\/blog\/2025\/11\/19\/jahresabschusswanderung-des-westerwald-vereins-daaden\/","title":{"rendered":"Jahresabschusswanderung des Westerwald-Vereins Daaden"},"content":{"rendered":"<p><strong>Jahresabschluss mit anschlie\u00dfender Einkehr im B\u00fcrgersaal Biersdorf<\/strong><\/p>\n<p>Das Wanderjahr 2025 ist schon wieder fast vorbei und somit ist es wieder soweit: Der Westerwald-Verein Daaden l\u00e4dt f\u00fcr <strong>Sonntag, den 7. Dezember<\/strong> alle Mitglieder zur Jahresabschlusswanderung ein, auch diesmal mit anschlie\u00dfender Einkehr im B\u00fcrgersaal Biersdorf.<\/p>\n<p>Die letzte Wanderung im Jahr mit Wanderf\u00fchrer Gerhard G\u00f6rg wird als Rundwanderung zirka 5 Kilometer lang sein und durch und um Biersdorf verlaufen. Im Anschluss an die Wanderung haben dann Wanderer (auch G\u00e4stewanderer) und auch die Mitglieder und Wanderfreunde, die nicht wandern k\u00f6nnen bzw. wollen, die M\u00f6glichkeit im B\u00fcrgersaal am Mittagessen teilzunehmen. Anschlie\u00dfend sollten wir alle noch gem\u00fctlich beisammen bleiben und das Wanderjahr ausklingen lassen.<\/p>\n<p><strong>Alle die an dem Mittagessen teilnehmen m\u00f6chten, also Wanderer und auch G\u00e4ste und Nichtwanderer, m\u00fcssen sich bei Gerhard G\u00f6rg (Tel. 02743\/3403) bis Donnerstag, den 4. Dezember anmelden.<\/p>\n<p>Treffpunkt zur Wanderung ist um 10.00 Uhr am Parkplatz der B\u00fcrgerhalle in Biersdorf. Das Mittagessen ist f\u00fcr ca. 12.00 Uhr vorgesehen.<\/strong><\/p>\n<div class=\"center\">\n<em><strong>Die Jahreslosung vom Deutschen Wanderband:<br \/>\n<big>Wandern macht gl\u00fccklich!<\/big><\/strong><\/em>\n<\/div>\n<p><\/p>\n","protected":false},"excerpt":{"rendered":"<p>Jahresabschluss mit anschlie\u00dfender Einkehr im B\u00fcrgersaal Biersdorf Das Wanderjahr 2025 ist schon wieder fast vorbei und somit ist es wieder soweit: Der Westerwald-Verein Daaden l\u00e4dt f\u00fcr Sonntag, den 7. Dezember alle Mitglieder zur Jahresabschlusswanderung ein, auch diesmal mit anschlie\u00dfender Einkehr im B\u00fcrgersaal Biersdorf. Die letzte Wanderung im Jahr mit Wanderf\u00fchrer Gerhard G\u00f6rg wird als Rundwanderung [&hellip;]<\/p>\n","protected":false},"author":2,"featured_media":0,"comment_status":"closed","ping_status":"closed","sticky":false,"template":"","format":"standard","meta":{"footnotes":""},"categories":[2],"tags":[],"class_list":["post-4420","post","type-post","status-publish","format-standard","hentry","category-ankuendigungen"],"_links":{"self":[{"href":"http:\/\/www.westerwaldverein-daaden.de\/blog\/wp-json\/wp\/v2\/posts\/4420","targetHints":{"allow":["GET"]}}],"collection":[{"href":"http:\/\/www.westerwaldverein-daaden.de\/blog\/wp-json\/wp\/v2\/posts"}],"about":[{"href":"http:\/\/www.westerwaldverein-daaden.de\/blog\/wp-json\/wp\/v2\/types\/post"}],"author":[{"embeddable":true,"href":"http:\/\/www.westerwaldverein-daaden.de\/blog\/wp-json\/wp\/v2\/users\/2"}],"replies":[{"embeddable":true,"href":"http:\/\/www.westerwaldverein-daaden.de\/blog\/wp-json\/wp\/v2\/comments?post=4420"}],"version-history":[{"count":2,"href":"http:\/\/www.westerwaldverein-daaden.de\/blog\/wp-json\/wp\/v2\/posts\/4420\/revisions"}],"predecessor-version":[{"id":4423,"href":"http:\/\/www.westerwaldverein-daaden.de\/blog\/wp-json\/wp\/v2\/posts\/4420\/revisions\/4423"}],"wp:attachment":[{"href":"http:\/\/www.westerwaldverein-daaden.de\/blog\/wp-json\/wp\/v2\/media?parent=4420"}],"wp:term":[{"taxonomy":"category","embeddable":true,"href":"http:\/\/www.westerwaldverein-daaden.de\/blog\/wp-json\/wp\/v2\/categories?post=4420"},{"taxonomy":"post_tag","embeddable":true,"href":"http:\/\/www.westerwaldverein-daaden.de\/blog\/wp-json\/wp\/v2\/tags?post=4420"}],"curies":[{"name":"wp","href":"https:\/\/api.w.org\/{rel}","templated":true}]}}