{"id":4424,"date":"2025-11-23T17:53:40","date_gmt":"2025-11-23T16:53:40","guid":{"rendered":"http:\/\/www.westerwaldverein-daaden.de\/blog\/?p=4424"},"modified":"2025-11-23T17:54:11","modified_gmt":"2025-11-23T16:54:11","slug":"schoene-wanderung-im-burbach-wahlbacher-gebiet","status":"publish","type":"post","link":"http:\/\/www.westerwaldverein-daaden.de\/blog\/2025\/11\/23\/schoene-wanderung-im-burbach-wahlbacher-gebiet\/","title":{"rendered":"Sch\u00f6ne Wanderung im Burbach &#8211; Wahlbacher Gebiet"},"content":{"rendered":"<p>Es waren nur 8 Personen der Seniorengruppe vom Westerwald-Verein Daaden, die sich zu der rund 5,5 Kilometer langen Wanderung eingefunden hatten. <\/p>\n<div class=\"center\"><img loading=\"lazy\" decoding=\"async\" src=\"http:\/\/www.westerwaldverein-daaden.de\/blog\/wp-content\/uploads\/2025\/11\/Wanderung_Burbach_8-420.jpeg\" alt=\"\" width=\"420\" height=\"315\" class=\"alignnone size-full wp-image-4425\" srcset=\"http:\/\/www.westerwaldverein-daaden.de\/blog\/wp-content\/uploads\/2025\/11\/Wanderung_Burbach_8-420.jpeg 420w, http:\/\/www.westerwaldverein-daaden.de\/blog\/wp-content\/uploads\/2025\/11\/Wanderung_Burbach_8-420-400x300.jpeg 400w\" sizes=\"auto, (max-width: 420px) 100vw, 420px\" \/><\/div>\n<p><!--more-->Doch diese Wanderfreunde fanden die Tour, diesmal schon bei leichtem Schneefall, sehr sch\u00f6n und gelungen. Vom Startpunkt an ging es auf den Heller-Wanderweg. Dann f\u00fchrte die Route weiter zum bzw. auch ein St\u00fcck \u00fcber den Rothaarsteig; der ein allseits bekannter und als einer der sch\u00f6nsten Wanderwege Europas bezeichnet wird, bis ins Buchhellertal. Eine wirklich sch\u00f6ne Wegstrecke in sch\u00f6ner Landschaft.<\/p>\n<div class=\"center\"><img loading=\"lazy\" decoding=\"async\" src=\"http:\/\/www.westerwaldverein-daaden.de\/blog\/wp-content\/uploads\/2025\/11\/Wanderung_Burbach_3-420.jpeg\" alt=\"\" width=\"420\" height=\"315\" class=\"alignnone size-full wp-image-4426\" srcset=\"http:\/\/www.westerwaldverein-daaden.de\/blog\/wp-content\/uploads\/2025\/11\/Wanderung_Burbach_3-420.jpeg 420w, http:\/\/www.westerwaldverein-daaden.de\/blog\/wp-content\/uploads\/2025\/11\/Wanderung_Burbach_3-420-400x300.jpeg 400w\" sizes=\"auto, (max-width: 420px) 100vw, 420px\" \/><\/div>\n<p>Den R\u00fcckweg hatte Wanderf\u00fchrer Heinz Lorenz \u00fcber die alte Bahntrasse gew\u00e4hlt. So erreichten die Wanderer auch bald ihre Endstation und hatten zeitig ihr Ziel, das Cafe Rothe in Burbach als Ort der Schlussrast vor Augen. <\/p>\n<p>Es war die vorletzte Wanderung in diesem Jahr, wobei <strong>am 7. Dezember<\/strong> nur noch die <strong>Jahresabschlusswanderung <\/strong>in Biersdorf sein wird.<\/p>\n<p><strong>Hinweis:<\/strong> N\u00e4chster Stammtisch am 11. Dezember 2025 in der Pizzeria \u201eSan Remo\u201c in Herdorf.<\/p>\n","protected":false},"excerpt":{"rendered":"<p>Es waren nur 8 Personen der Seniorengruppe vom Westerwald-Verein Daaden, die sich zu der rund 5,5 Kilometer langen Wanderung eingefunden hatten.<\/p>\n","protected":false},"author":2,"featured_media":0,"comment_status":"closed","ping_status":"closed","sticky":false,"template":"","format":"standard","meta":{"footnotes":""},"categories":[5],"tags":[],"class_list":["post-4424","post","type-post","status-publish","format-standard","hentry","category-wanderungen"],"_links":{"self":[{"href":"http:\/\/www.westerwaldverein-daaden.de\/blog\/wp-json\/wp\/v2\/posts\/4424","targetHints":{"allow":["GET"]}}],"collection":[{"href":"http:\/\/www.westerwaldverein-daaden.de\/blog\/wp-json\/wp\/v2\/posts"}],"about":[{"href":"http:\/\/www.westerwaldverein-daaden.de\/blog\/wp-json\/wp\/v2\/types\/post"}],"author":[{"embeddable":true,"href":"http:\/\/www.westerwaldverein-daaden.de\/blog\/wp-json\/wp\/v2\/users\/2"}],"replies":[{"embeddable":true,"href":"http:\/\/www.westerwaldverein-daaden.de\/blog\/wp-json\/wp\/v2\/comments?post=4424"}],"version-history":[{"count":2,"href":"http:\/\/www.westerwaldverein-daaden.de\/blog\/wp-json\/wp\/v2\/posts\/4424\/revisions"}],"predecessor-version":[{"id":4428,"href":"http:\/\/www.westerwaldverein-daaden.de\/blog\/wp-json\/wp\/v2\/posts\/4424\/revisions\/4428"}],"wp:attachment":[{"href":"http:\/\/www.westerwaldverein-daaden.de\/blog\/wp-json\/wp\/v2\/media?parent=4424"}],"wp:term":[{"taxonomy":"category","embeddable":true,"href":"http:\/\/www.westerwaldverein-daaden.de\/blog\/wp-json\/wp\/v2\/categories?post=4424"},{"taxonomy":"post_tag","embeddable":true,"href":"http:\/\/www.westerwaldverein-daaden.de\/blog\/wp-json\/wp\/v2\/tags?post=4424"}],"curies":[{"name":"wp","href":"https:\/\/api.w.org\/{rel}","templated":true}]}}