{"id":4430,"date":"2025-12-09T16:34:22","date_gmt":"2025-12-09T15:34:22","guid":{"rendered":"http:\/\/www.westerwaldverein-daaden.de\/blog\/?p=4430"},"modified":"2025-12-28T12:10:28","modified_gmt":"2025-12-28T11:10:28","slug":"der-westerwald-verein-daaden-laedt-zur-fackelwanderung-ein","status":"publish","type":"post","link":"http:\/\/www.westerwaldverein-daaden.de\/blog\/2025\/12\/09\/der-westerwald-verein-daaden-laedt-zur-fackelwanderung-ein\/","title":{"rendered":"Der Westerwald-Verein Daaden l\u00e4dt zur Fackelwanderung ein"},"content":{"rendered":"<p>Das Jahr 2025 neigt sich schon bald dem Ende zu. Wie in jedem Jahr, l\u00e4dt der Westerwald-Verein Daaden, kurz vor dem neuen Jahr, Kinder und deren Begleiter zu einer Fackelwanderung ein.<\/p>\n<div class=\"center\"><img loading=\"lazy\" decoding=\"async\" width=\"420\" height=\"630\" src=\"http:\/\/www.westerwaldverein-daaden.de\/blog\/wp-content\/uploads\/2025\/12\/Fackelwanderung_WWV-Daaden_2025_420.jpg\" alt=\"Fackelwanderung 2025\" class=\"alignnone size-full wp-image-4433\" srcset=\"http:\/\/www.westerwaldverein-daaden.de\/blog\/wp-content\/uploads\/2025\/12\/Fackelwanderung_WWV-Daaden_2025_420.jpg 420w, http:\/\/www.westerwaldverein-daaden.de\/blog\/wp-content\/uploads\/2025\/12\/Fackelwanderung_WWV-Daaden_2025_420-267x400.jpg 267w\" sizes=\"auto, (max-width: 420px) 100vw, 420px\" \/><\/div>\n<p>Am <strong>Montag, dem 29. Dezember um 17.00 Uhr<\/strong> wird diese kurze Rundwanderung mit Fackeln, zu der hoffentlich viele Kinder kommen, vom <strong>Hans-Artur-Bauckhage-Platz<\/strong> (vor der Alten Post) starten. Fackeln werden vom Westerwald-Verein gestellt. Es k\u00f6nnen nat\u00fcrlich auch gerne Laternen (z.B. selbstgebastelt) mitgebracht werden.<\/p>\n<p>Die Wanderung endet am Startpunkt vor der Alten Post, wo noch die H\u00fctte vom Martinsmarkt steht, und wo auf die Kinder wieder eine kleine \u00dcberraschung wartet. Hier wird es f\u00fcr die Kinder dann auch Kinderpunsch geben und f\u00fcr die Erwachsenen wird Gl\u00fchwein angeboten.<\/p>\n","protected":false},"excerpt":{"rendered":"<p>Das Jahr 2025 neigt sich schon bald dem Ende zu. Wie in jedem Jahr, l\u00e4dt der Westerwald-Verein Daaden, kurz vor dem neuen Jahr, Kinder und deren Begleiter zu einer Fackelwanderung ein. Am Montag, dem 29. Dezember um 17.00 Uhr wird diese kurze Rundwanderung mit Fackeln, zu der hoffentlich viele Kinder kommen, vom Hans-Artur-Bauckhage-Platz (vor der [&hellip;]<\/p>\n","protected":false},"author":2,"featured_media":0,"comment_status":"closed","ping_status":"closed","sticky":false,"template":"","format":"standard","meta":{"footnotes":""},"categories":[2],"tags":[],"class_list":["post-4430","post","type-post","status-publish","format-standard","hentry","category-ankuendigungen"],"_links":{"self":[{"href":"http:\/\/www.westerwaldverein-daaden.de\/blog\/wp-json\/wp\/v2\/posts\/4430","targetHints":{"allow":["GET"]}}],"collection":[{"href":"http:\/\/www.westerwaldverein-daaden.de\/blog\/wp-json\/wp\/v2\/posts"}],"about":[{"href":"http:\/\/www.westerwaldverein-daaden.de\/blog\/wp-json\/wp\/v2\/types\/post"}],"author":[{"embeddable":true,"href":"http:\/\/www.westerwaldverein-daaden.de\/blog\/wp-json\/wp\/v2\/users\/2"}],"replies":[{"embeddable":true,"href":"http:\/\/www.westerwaldverein-daaden.de\/blog\/wp-json\/wp\/v2\/comments?post=4430"}],"version-history":[{"count":3,"href":"http:\/\/www.westerwaldverein-daaden.de\/blog\/wp-json\/wp\/v2\/posts\/4430\/revisions"}],"predecessor-version":[{"id":4454,"href":"http:\/\/www.westerwaldverein-daaden.de\/blog\/wp-json\/wp\/v2\/posts\/4430\/revisions\/4454"}],"wp:attachment":[{"href":"http:\/\/www.westerwaldverein-daaden.de\/blog\/wp-json\/wp\/v2\/media?parent=4430"}],"wp:term":[{"taxonomy":"category","embeddable":true,"href":"http:\/\/www.westerwaldverein-daaden.de\/blog\/wp-json\/wp\/v2\/categories?post=4430"},{"taxonomy":"post_tag","embeddable":true,"href":"http:\/\/www.westerwaldverein-daaden.de\/blog\/wp-json\/wp\/v2\/tags?post=4430"}],"curies":[{"name":"wp","href":"https:\/\/api.w.org\/{rel}","templated":true}]}}