{"id":4464,"date":"2026-01-08T11:12:34","date_gmt":"2026-01-08T10:12:34","guid":{"rendered":"http:\/\/www.westerwaldverein-daaden.de\/blog\/?p=4464"},"modified":"2026-01-08T11:13:07","modified_gmt":"2026-01-08T10:13:07","slug":"wandern-rund-um-struthuetten","status":"publish","type":"post","link":"http:\/\/www.westerwaldverein-daaden.de\/blog\/2026\/01\/08\/wandern-rund-um-struthuetten\/","title":{"rendered":"Wandern rund um Struth\u00fctten"},"content":{"rendered":"<p>Das neue Wanderjahr 2026 beginnt auch in diesem Jahr recht aktiv. Eine zweite Tour der Seniorengruppe startet nach der Wanderung in Daaden auch noch im Januar. Wanderf\u00fchrer Heinz Lorenz hat f\u00fcr den <strong>21. Januar 2026<\/strong> schon die n\u00e4chste Wanderung kurz hinter der Landesgrenze, in und um Struth\u00fctten vorbereitet. L\u00e4nge der Tour ca. 5 Kilometer.<\/p>\n<p><strong>Start der Wanderung ist um 13.45 Uhr vom Parkplatz der Grundschule\/Turnhalle nahe der K\u00f6lner Stra\u00dfe in Struth\u00fctten.<\/p>\n<p>Treffpunkt in Daaden am Parkplatz\/Festplatz um 13,30 Uhr und am Knappensaal in Herdorf ebenfalls um 13.30 Uhr (Achtung: neue Treff- und Startzeiten).<\/strong><\/p>\n<p>Zur Schlussrast treffen sich alle Wanderfreunde im Cafe Pieroth in Struth\u00fctten. R\u00fcckfragen bitte an Wanderf\u00fchrer Heinz Lorenz, Tel. 02744\/5124.<\/p>\n","protected":false},"excerpt":{"rendered":"<p>Das neue Wanderjahr 2026 beginnt auch in diesem Jahr recht aktiv. Eine zweite Tour der Seniorengruppe startet nach der Wanderung in Daaden auch noch im Januar. Wanderf\u00fchrer Heinz Lorenz hat f\u00fcr den 21. Januar 2026 schon die n\u00e4chste Wanderung kurz hinter der Landesgrenze, in und um Struth\u00fctten vorbereitet. L\u00e4nge der Tour ca. 5 Kilometer. Start [&hellip;]<\/p>\n","protected":false},"author":2,"featured_media":0,"comment_status":"closed","ping_status":"closed","sticky":false,"template":"","format":"standard","meta":{"footnotes":""},"categories":[2],"tags":[],"class_list":["post-4464","post","type-post","status-publish","format-standard","hentry","category-ankuendigungen"],"_links":{"self":[{"href":"http:\/\/www.westerwaldverein-daaden.de\/blog\/wp-json\/wp\/v2\/posts\/4464","targetHints":{"allow":["GET"]}}],"collection":[{"href":"http:\/\/www.westerwaldverein-daaden.de\/blog\/wp-json\/wp\/v2\/posts"}],"about":[{"href":"http:\/\/www.westerwaldverein-daaden.de\/blog\/wp-json\/wp\/v2\/types\/post"}],"author":[{"embeddable":true,"href":"http:\/\/www.westerwaldverein-daaden.de\/blog\/wp-json\/wp\/v2\/users\/2"}],"replies":[{"embeddable":true,"href":"http:\/\/www.westerwaldverein-daaden.de\/blog\/wp-json\/wp\/v2\/comments?post=4464"}],"version-history":[{"count":2,"href":"http:\/\/www.westerwaldverein-daaden.de\/blog\/wp-json\/wp\/v2\/posts\/4464\/revisions"}],"predecessor-version":[{"id":4466,"href":"http:\/\/www.westerwaldverein-daaden.de\/blog\/wp-json\/wp\/v2\/posts\/4464\/revisions\/4466"}],"wp:attachment":[{"href":"http:\/\/www.westerwaldverein-daaden.de\/blog\/wp-json\/wp\/v2\/media?parent=4464"}],"wp:term":[{"taxonomy":"category","embeddable":true,"href":"http:\/\/www.westerwaldverein-daaden.de\/blog\/wp-json\/wp\/v2\/categories?post=4464"},{"taxonomy":"post_tag","embeddable":true,"href":"http:\/\/www.westerwaldverein-daaden.de\/blog\/wp-json\/wp\/v2\/tags?post=4464"}],"curies":[{"name":"wp","href":"https:\/\/api.w.org\/{rel}","templated":true}]}}