{"id":4488,"date":"2026-01-28T16:24:24","date_gmt":"2026-01-28T15:24:24","guid":{"rendered":"http:\/\/www.westerwaldverein-daaden.de\/blog\/?p=4488"},"modified":"2026-01-28T16:24:24","modified_gmt":"2026-01-28T15:24:24","slug":"auch-in-diesem-jahr-wieder-traditionelle-altweiberwanderung","status":"publish","type":"post","link":"http:\/\/www.westerwaldverein-daaden.de\/blog\/2026\/01\/28\/auch-in-diesem-jahr-wieder-traditionelle-altweiberwanderung\/","title":{"rendered":"Auch in diesem Jahr wieder \u201eTraditionelle Altweiberwanderung\u201c"},"content":{"rendered":"<p>An der Altweiberwanderung des Westerwald-Vereins Daaden am <strong>Donnerstag, dem 12. Februar 2026<\/strong> k\u00f6nnen wie immer nat\u00fcrlich auch M\u00e4nner teilnehmen. Die ca. 4,5 Kilometer lange Wanderung startet am Parkplatz \u201eAlte H\u00fctte\u201c in Herdorf\u201c und f\u00fchrt Richtung Struth\u00fctten, von hier weiter ins Kunstertal und wieder zur\u00fcck zum Ausgangspunkt. Nat\u00fcrlich gibt es unterwegs wieder einen Berliner und Apfelkorn. <\/p>\n<p><strong>Los geht es um 13.30 Uhr in Herdorf vom Parkplatz \u201eAlte H\u00fctte\u201c. In Daaden ist bereits um 13.15 Uhr der Treffpunkt zur Weiterfahrt nach Herdorf am Parkplatz\/Festplatz.<\/strong><\/p>\n<p>Zum Abschluss der Wanderung, so gegen 15.00 Uhr, treffen sich Wanderer und auch die Nichtwanderer zum gem\u00fctlichen Beisammensein (M\u00f6glichkeit Essen nach Karte) in der Pizzeria San Remo. R\u00fcckfragen bitte an Wanderf\u00fchrer Heinz Lorenz, Tel.02744\/5124.<\/p>\n","protected":false},"excerpt":{"rendered":"<p>An der Altweiberwanderung des Westerwald-Vereins Daaden am Donnerstag, dem 12. Februar 2026 k\u00f6nnen wie immer nat\u00fcrlich auch M\u00e4nner teilnehmen. Die ca. 4,5 Kilometer lange Wanderung startet am Parkplatz \u201eAlte H\u00fctte\u201c in Herdorf\u201c und f\u00fchrt Richtung Struth\u00fctten, von hier weiter ins Kunstertal und wieder zur\u00fcck zum Ausgangspunkt. Nat\u00fcrlich gibt es unterwegs wieder einen Berliner und Apfelkorn. [&hellip;]<\/p>\n","protected":false},"author":2,"featured_media":0,"comment_status":"closed","ping_status":"closed","sticky":false,"template":"","format":"standard","meta":{"footnotes":""},"categories":[2],"tags":[],"class_list":["post-4488","post","type-post","status-publish","format-standard","hentry","category-ankuendigungen"],"_links":{"self":[{"href":"http:\/\/www.westerwaldverein-daaden.de\/blog\/wp-json\/wp\/v2\/posts\/4488","targetHints":{"allow":["GET"]}}],"collection":[{"href":"http:\/\/www.westerwaldverein-daaden.de\/blog\/wp-json\/wp\/v2\/posts"}],"about":[{"href":"http:\/\/www.westerwaldverein-daaden.de\/blog\/wp-json\/wp\/v2\/types\/post"}],"author":[{"embeddable":true,"href":"http:\/\/www.westerwaldverein-daaden.de\/blog\/wp-json\/wp\/v2\/users\/2"}],"replies":[{"embeddable":true,"href":"http:\/\/www.westerwaldverein-daaden.de\/blog\/wp-json\/wp\/v2\/comments?post=4488"}],"version-history":[{"count":1,"href":"http:\/\/www.westerwaldverein-daaden.de\/blog\/wp-json\/wp\/v2\/posts\/4488\/revisions"}],"predecessor-version":[{"id":4489,"href":"http:\/\/www.westerwaldverein-daaden.de\/blog\/wp-json\/wp\/v2\/posts\/4488\/revisions\/4489"}],"wp:attachment":[{"href":"http:\/\/www.westerwaldverein-daaden.de\/blog\/wp-json\/wp\/v2\/media?parent=4488"}],"wp:term":[{"taxonomy":"category","embeddable":true,"href":"http:\/\/www.westerwaldverein-daaden.de\/blog\/wp-json\/wp\/v2\/categories?post=4488"},{"taxonomy":"post_tag","embeddable":true,"href":"http:\/\/www.westerwaldverein-daaden.de\/blog\/wp-json\/wp\/v2\/tags?post=4488"}],"curies":[{"name":"wp","href":"https:\/\/api.w.org\/{rel}","templated":true}]}}