{"id":4495,"date":"2026-02-05T16:32:51","date_gmt":"2026-02-05T15:32:51","guid":{"rendered":"http:\/\/www.westerwaldverein-daaden.de\/blog\/?p=4495"},"modified":"2026-02-05T16:33:26","modified_gmt":"2026-02-05T15:33:26","slug":"daadener-seniorengruppe-wandert-in-elkenroth-nauroth","status":"publish","type":"post","link":"http:\/\/www.westerwaldverein-daaden.de\/blog\/2026\/02\/05\/daadener-seniorengruppe-wandert-in-elkenroth-nauroth\/","title":{"rendered":"Daadener Seniorengruppe wandert in Elkenroth-Nauroth"},"content":{"rendered":"<p>Diese rund 6 Kilometer lange Wanderung am <strong>Mittwoch, dem 18.&nbsp;Februar 2026<\/strong> der Seniorengruppe des Westerwald-Vereins Daaden, hat Wanderf\u00fchrer Gerhard G\u00f6rg im Bereich Elkenroth vorbereitet. <\/p>\n<div class=\"center\"><img loading=\"lazy\" decoding=\"async\" src=\"http:\/\/www.westerwaldverein-daaden.de\/blog\/wp-content\/uploads\/2026\/02\/wanderung_elkenroth_nauroth_2026_420.jpg\" alt=\"\" width=\"420\" height=\"254\" class=\"alignnone size-full wp-image-4496\" srcset=\"http:\/\/www.westerwaldverein-daaden.de\/blog\/wp-content\/uploads\/2026\/02\/wanderung_elkenroth_nauroth_2026_420.jpg 420w, http:\/\/www.westerwaldverein-daaden.de\/blog\/wp-content\/uploads\/2026\/02\/wanderung_elkenroth_nauroth_2026_420-400x242.jpg 400w\" sizes=\"auto, (max-width: 420px) 100vw, 420px\" \/><\/div>\n<p>Es ist eine leichte Rundwanderung, die vom Startplatz am Parkplatz des B\u00fcrgerhauses Elkenroth in Richtung Nauroth verl\u00e4uft. Zum Abschluss ist dann eine Einkehr im Cafe Schneider in Elkenroth vorgesehen.<\/p>\n<p><strong>Treffpunkt ist um 13.30 Uhr in Daaden am Parkplatz\/Festplatz oder um 14.00 Uhr direkt am B\u00fcrgerhaus Elkenroth. <\/strong><br \/>\nR\u00fcckfragen bitte an Gerhard G\u00f6rg, Tel. 02743\/3403.<\/p>\n","protected":false},"excerpt":{"rendered":"<p>Diese rund 6 Kilometer lange Wanderung am Mittwoch, dem 18.&nbsp;Februar 2026 der Seniorengruppe des Westerwald-Vereins Daaden, hat Wanderf\u00fchrer Gerhard G\u00f6rg im Bereich Elkenroth vorbereitet. Es ist eine leichte Rundwanderung, die vom Startplatz am Parkplatz des B\u00fcrgerhauses Elkenroth in Richtung Nauroth verl\u00e4uft. Zum Abschluss ist dann eine Einkehr im Cafe Schneider in Elkenroth vorgesehen. Treffpunkt ist [&hellip;]<\/p>\n","protected":false},"author":2,"featured_media":0,"comment_status":"closed","ping_status":"closed","sticky":false,"template":"","format":"standard","meta":{"footnotes":""},"categories":[2],"tags":[],"class_list":["post-4495","post","type-post","status-publish","format-standard","hentry","category-ankuendigungen"],"_links":{"self":[{"href":"http:\/\/www.westerwaldverein-daaden.de\/blog\/wp-json\/wp\/v2\/posts\/4495","targetHints":{"allow":["GET"]}}],"collection":[{"href":"http:\/\/www.westerwaldverein-daaden.de\/blog\/wp-json\/wp\/v2\/posts"}],"about":[{"href":"http:\/\/www.westerwaldverein-daaden.de\/blog\/wp-json\/wp\/v2\/types\/post"}],"author":[{"embeddable":true,"href":"http:\/\/www.westerwaldverein-daaden.de\/blog\/wp-json\/wp\/v2\/users\/2"}],"replies":[{"embeddable":true,"href":"http:\/\/www.westerwaldverein-daaden.de\/blog\/wp-json\/wp\/v2\/comments?post=4495"}],"version-history":[{"count":2,"href":"http:\/\/www.westerwaldverein-daaden.de\/blog\/wp-json\/wp\/v2\/posts\/4495\/revisions"}],"predecessor-version":[{"id":4498,"href":"http:\/\/www.westerwaldverein-daaden.de\/blog\/wp-json\/wp\/v2\/posts\/4495\/revisions\/4498"}],"wp:attachment":[{"href":"http:\/\/www.westerwaldverein-daaden.de\/blog\/wp-json\/wp\/v2\/media?parent=4495"}],"wp:term":[{"taxonomy":"category","embeddable":true,"href":"http:\/\/www.westerwaldverein-daaden.de\/blog\/wp-json\/wp\/v2\/categories?post=4495"},{"taxonomy":"post_tag","embeddable":true,"href":"http:\/\/www.westerwaldverein-daaden.de\/blog\/wp-json\/wp\/v2\/tags?post=4495"}],"curies":[{"name":"wp","href":"https:\/\/api.w.org\/{rel}","templated":true}]}}