{"id":4508,"date":"2026-02-28T20:00:08","date_gmt":"2026-02-28T19:00:08","guid":{"rendered":"http:\/\/www.westerwaldverein-daaden.de\/blog\/?p=4508"},"modified":"2026-02-28T20:13:19","modified_gmt":"2026-02-28T19:13:19","slug":"daadener-seniorengruppe-wandert-in-elkenroth-nauroth-2","status":"publish","type":"post","link":"http:\/\/www.westerwaldverein-daaden.de\/blog\/2026\/02\/28\/daadener-seniorengruppe-wandert-in-elkenroth-nauroth-2\/","title":{"rendered":"Daadener Seniorengruppe wandert in Elkenroth-Nauroth"},"content":{"rendered":"<p>Eine rund 6 Kilometer lange Wanderung am18. Februar 2026 fand gro\u00dfen Anklang bei der Seniorengruppe des Westerwald-Vereins Daaden.<\/p>\n<div class=\"center\"><img loading=\"lazy\" decoding=\"async\" src=\"http:\/\/www.westerwaldverein-daaden.de\/blog\/wp-content\/uploads\/2026\/02\/Elkenroth-Nauroth-2026-02_06.jpeg\" alt=\"\" width=\"420\" height=\"315\" class=\"alignnone size-full wp-image-4509\" srcset=\"http:\/\/www.westerwaldverein-daaden.de\/blog\/wp-content\/uploads\/2026\/02\/Elkenroth-Nauroth-2026-02_06.jpeg 420w, http:\/\/www.westerwaldverein-daaden.de\/blog\/wp-content\/uploads\/2026\/02\/Elkenroth-Nauroth-2026-02_06-400x300.jpeg 400w\" sizes=\"auto, (max-width: 420px) 100vw, 420px\" \/><\/div>\n<p><!--more-->Wanderf\u00fchrer Gerhard G\u00f6rg konnte 22 Wanderfreunde begr\u00fc\u00dfen, die im Bereich Elkenroth &#8211; Nauroth eine rund 6 Kilometer lange und sch\u00f6ne Rundtour bei zwar nur 5 Grad, aber sch\u00f6ner Sonne unternehmen konnten.<\/p>\n<div class=\"center\"><img loading=\"lazy\" decoding=\"async\" src=\"http:\/\/www.westerwaldverein-daaden.de\/blog\/wp-content\/uploads\/2026\/02\/Elkenroth-Nauroth-2026-02_04.jpeg\" alt=\"\" width=\"420\" height=\"315\" class=\"alignnone size-full wp-image-4510\" srcset=\"http:\/\/www.westerwaldverein-daaden.de\/blog\/wp-content\/uploads\/2026\/02\/Elkenroth-Nauroth-2026-02_04.jpeg 420w, http:\/\/www.westerwaldverein-daaden.de\/blog\/wp-content\/uploads\/2026\/02\/Elkenroth-Nauroth-2026-02_04-400x300.jpeg 400w\" sizes=\"auto, (max-width: 420px) 100vw, 420px\" \/><\/div>\n<p>Zum gem\u00fctlichen Abschluss wurde dann im Cafe Schneider in Elkenroth eingekehrt.<\/p>\n","protected":false},"excerpt":{"rendered":"<p>Eine rund 6 Kilometer lange Wanderung am18. Februar 2026 fand gro\u00dfen Anklang bei der Seniorengruppe des Westerwald-Vereins Daaden.<\/p>\n","protected":false},"author":2,"featured_media":0,"comment_status":"closed","ping_status":"closed","sticky":false,"template":"","format":"standard","meta":{"footnotes":""},"categories":[5],"tags":[],"class_list":["post-4508","post","type-post","status-publish","format-standard","hentry","category-wanderungen"],"_links":{"self":[{"href":"http:\/\/www.westerwaldverein-daaden.de\/blog\/wp-json\/wp\/v2\/posts\/4508","targetHints":{"allow":["GET"]}}],"collection":[{"href":"http:\/\/www.westerwaldverein-daaden.de\/blog\/wp-json\/wp\/v2\/posts"}],"about":[{"href":"http:\/\/www.westerwaldverein-daaden.de\/blog\/wp-json\/wp\/v2\/types\/post"}],"author":[{"embeddable":true,"href":"http:\/\/www.westerwaldverein-daaden.de\/blog\/wp-json\/wp\/v2\/users\/2"}],"replies":[{"embeddable":true,"href":"http:\/\/www.westerwaldverein-daaden.de\/blog\/wp-json\/wp\/v2\/comments?post=4508"}],"version-history":[{"count":2,"href":"http:\/\/www.westerwaldverein-daaden.de\/blog\/wp-json\/wp\/v2\/posts\/4508\/revisions"}],"predecessor-version":[{"id":4512,"href":"http:\/\/www.westerwaldverein-daaden.de\/blog\/wp-json\/wp\/v2\/posts\/4508\/revisions\/4512"}],"wp:attachment":[{"href":"http:\/\/www.westerwaldverein-daaden.de\/blog\/wp-json\/wp\/v2\/media?parent=4508"}],"wp:term":[{"taxonomy":"category","embeddable":true,"href":"http:\/\/www.westerwaldverein-daaden.de\/blog\/wp-json\/wp\/v2\/categories?post=4508"},{"taxonomy":"post_tag","embeddable":true,"href":"http:\/\/www.westerwaldverein-daaden.de\/blog\/wp-json\/wp\/v2\/tags?post=4508"}],"curies":[{"name":"wp","href":"https:\/\/api.w.org\/{rel}","templated":true}]}}