{"id":4517,"date":"2026-03-19T18:00:36","date_gmt":"2026-03-19T17:00:36","guid":{"rendered":"http:\/\/www.westerwaldverein-daaden.de\/blog\/?p=4517"},"modified":"2026-03-19T18:01:11","modified_gmt":"2026-03-19T17:01:11","slug":"wanderung-am-schorrberg","status":"publish","type":"post","link":"http:\/\/www.westerwaldverein-daaden.de\/blog\/2026\/03\/19\/wanderung-am-schorrberg\/","title":{"rendered":"Wanderung am Schorrberg"},"content":{"rendered":"<p>Es waren diesmal nicht die Skifahrer, es waren 25 Wanderfreunde vom Westerwald-Verein Daaden, die sich bei sch\u00f6nstem Wanderwetter zu einer Wanderung am Schorrberg in Bad Marienberg zusammengefunden hatten. <\/p>\n<div class=\"center\"><img loading=\"lazy\" decoding=\"async\" src=\"http:\/\/www.westerwaldverein-daaden.de\/blog\/wp-content\/uploads\/2026\/03\/Schorrberg_2026-03_08_web.jpeg\" alt=\"\" width=\"420\" height=\"244\" class=\"alignnone size-full wp-image-4518\" srcset=\"http:\/\/www.westerwaldverein-daaden.de\/blog\/wp-content\/uploads\/2026\/03\/Schorrberg_2026-03_08_web.jpeg 420w, http:\/\/www.westerwaldverein-daaden.de\/blog\/wp-content\/uploads\/2026\/03\/Schorrberg_2026-03_08_web-400x232.jpeg 400w\" sizes=\"auto, (max-width: 420px) 100vw, 420px\" \/><\/div>\n<p><!--more-->Wanderf\u00fchrer Gerhard G\u00f6rg hatte eine rund 6 Kilometer lange und sch\u00f6ne Tour mit vielen Fernsichten vorbereitet. Er f\u00fchrte auch wieder die Seniorengruppe und hatte viel Zuspruch.<\/p>\n<div class=\"center\"><img loading=\"lazy\" decoding=\"async\" src=\"http:\/\/www.westerwaldverein-daaden.de\/blog\/wp-content\/uploads\/2026\/03\/Schorrberg_2026-03_06_web.jpeg\" alt=\"\" width=\"315\" height=\"420\" class=\"alignnone size-full wp-image-4519\" srcset=\"http:\/\/www.westerwaldverein-daaden.de\/blog\/wp-content\/uploads\/2026\/03\/Schorrberg_2026-03_06_web.jpeg 315w, http:\/\/www.westerwaldverein-daaden.de\/blog\/wp-content\/uploads\/2026\/03\/Schorrberg_2026-03_06_web-300x400.jpeg 300w\" sizes=\"auto, (max-width: 315px) 100vw, 315px\" \/><\/div>\n<p>Die Schlussrast im Cafe M\u00fchlenbecker bei Kaffee und Kuchen, gab dann noch gute Gelegenheit zu allerlei Gespr\u00e4chsstoff.<\/p>\n","protected":false},"excerpt":{"rendered":"<p>Es waren diesmal nicht die Skifahrer, es waren 25 Wanderfreunde vom Westerwald-Verein Daaden, die sich bei sch\u00f6nstem Wanderwetter zu einer Wanderung am Schorrberg in Bad Marienberg zusammengefunden hatten.<\/p>\n","protected":false},"author":2,"featured_media":0,"comment_status":"closed","ping_status":"closed","sticky":false,"template":"","format":"standard","meta":{"footnotes":""},"categories":[5],"tags":[],"class_list":["post-4517","post","type-post","status-publish","format-standard","hentry","category-wanderungen"],"_links":{"self":[{"href":"http:\/\/www.westerwaldverein-daaden.de\/blog\/wp-json\/wp\/v2\/posts\/4517","targetHints":{"allow":["GET"]}}],"collection":[{"href":"http:\/\/www.westerwaldverein-daaden.de\/blog\/wp-json\/wp\/v2\/posts"}],"about":[{"href":"http:\/\/www.westerwaldverein-daaden.de\/blog\/wp-json\/wp\/v2\/types\/post"}],"author":[{"embeddable":true,"href":"http:\/\/www.westerwaldverein-daaden.de\/blog\/wp-json\/wp\/v2\/users\/2"}],"replies":[{"embeddable":true,"href":"http:\/\/www.westerwaldverein-daaden.de\/blog\/wp-json\/wp\/v2\/comments?post=4517"}],"version-history":[{"count":2,"href":"http:\/\/www.westerwaldverein-daaden.de\/blog\/wp-json\/wp\/v2\/posts\/4517\/revisions"}],"predecessor-version":[{"id":4521,"href":"http:\/\/www.westerwaldverein-daaden.de\/blog\/wp-json\/wp\/v2\/posts\/4517\/revisions\/4521"}],"wp:attachment":[{"href":"http:\/\/www.westerwaldverein-daaden.de\/blog\/wp-json\/wp\/v2\/media?parent=4517"}],"wp:term":[{"taxonomy":"category","embeddable":true,"href":"http:\/\/www.westerwaldverein-daaden.de\/blog\/wp-json\/wp\/v2\/categories?post=4517"},{"taxonomy":"post_tag","embeddable":true,"href":"http:\/\/www.westerwaldverein-daaden.de\/blog\/wp-json\/wp\/v2\/tags?post=4517"}],"curies":[{"name":"wp","href":"https:\/\/api.w.org\/{rel}","templated":true}]}}