{"id":4523,"date":"2026-03-28T15:46:10","date_gmt":"2026-03-28T14:46:10","guid":{"rendered":"http:\/\/www.westerwaldverein-daaden.de\/blog\/?p=4523"},"modified":"2026-03-28T15:46:10","modified_gmt":"2026-03-28T14:46:10","slug":"tageswanderung-alte-zeiten-bergbau-in-brachbach","status":"publish","type":"post","link":"http:\/\/www.westerwaldverein-daaden.de\/blog\/2026\/03\/28\/tageswanderung-alte-zeiten-bergbau-in-brachbach\/","title":{"rendered":"Tageswanderung: Alte Zeiten \u201eBergbau in Brachbach\u201c"},"content":{"rendered":"<p>F\u00fcr <strong>Samstag, den 11. April 2026<\/strong> l\u00e4dt der Westerwald-Verein Daaden e.V. zur n\u00e4chsten Wanderung ein. Es erwartet Sie eine sch\u00f6ne Wanderung in den W\u00e4ldern von Brachbach. Auf sch\u00f6nen Wegen rund um Brachbach wandern wir durch eine sehr alte Bergbaulandschaft, wo heute noch viele Stollen und Relikte aus der Bergbauzeit anzutreffen sind. Wir erleben sch\u00f6ne Ausblicke von den H\u00f6henwegen in die Landschaft und unsere Wanderung f\u00fchrt auch entlang der Sieg zu einem Schieferstollen, dessen Portal auf l\u00e4ngst vergangene Bergbauzeiten hinweist.<\/p>\n<div class=\"center\"><img loading=\"lazy\" decoding=\"async\" src=\"http:\/\/www.westerwaldverein-daaden.de\/blog\/wp-content\/uploads\/2026\/03\/Stollenportal_420.jpg\" alt=\"\" width=\"420\" height=\"280\" class=\"alignnone size-full wp-image-4525\" srcset=\"http:\/\/www.westerwaldverein-daaden.de\/blog\/wp-content\/uploads\/2026\/03\/Stollenportal_420.jpg 420w, http:\/\/www.westerwaldverein-daaden.de\/blog\/wp-content\/uploads\/2026\/03\/Stollenportal_420-400x267.jpg 400w\" sizes=\"auto, (max-width: 420px) 100vw, 420px\" \/><\/div>\n<p>Die Wanderstrecke betr\u00e4gt <strong>ca. 12 Kilometer<\/strong> bei einer Wanderzeit von etwa 4 Stunden. Die Strecke ist mit ca. 300 H\u00f6henmetern und ein wenig Kondition auch gut zu bew\u00e4ltigen. Zum Abschluss der Wanderung ist eine Schlusseinkehr geplant.<\/p>\n<p><strong>Wichtig: Festes Schuhwerk und Rucksackverpflegung!<\/strong><\/p>\n<p><strong>Hinweis:<\/strong> Die Wanderung findet bei jedem Wetter statt und die Teilnahme an der Wanderung erfolgt auf eigene Gefahr. Veranstalter der Wanderung ist der Westerwald-Verein Daaden e.V. Freunde und auch \u201eNicht-Mitglieder\u201c des Westerwald-Vereins Daaden sind ebenso herzlich willkommen.<\/p>\n<p>Der Westerwald-Verein Daaden und seine Wanderf\u00fchrer \u00fcbernehmen keine Haftung bei etwaigen Unf\u00e4llen, Personen- oder Sachsch\u00e4den, Verlusten oder Versp\u00e4tungen.<\/p>\n<p>Leitung der Wanderung: Michael Bender Tel.: 02743\/1205<br \/>\n<strong>Treffpunkt ist um 9:30 Uhr am Parkplatz\/Festplatz in Daaden (N\u00e4he Bahnhof)<\/strong><br \/>\nNavigationsger\u00e4t: Daaden, Bahnhofstr. 6<br \/>\nKontakt: <a href=\"mailto:vorstand@westerwaldverein-daaden.de\">vorstand@westerwaldverein-daaden.de<\/a><\/p>\n","protected":false},"excerpt":{"rendered":"<p>F\u00fcr Samstag, den 11. April 2026 l\u00e4dt der Westerwald-Verein Daaden e.V. zur n\u00e4chsten Wanderung ein. Es erwartet Sie eine sch\u00f6ne Wanderung in den W\u00e4ldern von Brachbach. Auf sch\u00f6nen Wegen rund um Brachbach wandern wir durch eine sehr alte Bergbaulandschaft, wo heute noch viele Stollen und Relikte aus der Bergbauzeit anzutreffen sind. Wir erleben sch\u00f6ne Ausblicke [&hellip;]<\/p>\n","protected":false},"author":2,"featured_media":0,"comment_status":"closed","ping_status":"closed","sticky":false,"template":"","format":"standard","meta":{"footnotes":""},"categories":[2],"tags":[],"class_list":["post-4523","post","type-post","status-publish","format-standard","hentry","category-ankuendigungen"],"_links":{"self":[{"href":"http:\/\/www.westerwaldverein-daaden.de\/blog\/wp-json\/wp\/v2\/posts\/4523","targetHints":{"allow":["GET"]}}],"collection":[{"href":"http:\/\/www.westerwaldverein-daaden.de\/blog\/wp-json\/wp\/v2\/posts"}],"about":[{"href":"http:\/\/www.westerwaldverein-daaden.de\/blog\/wp-json\/wp\/v2\/types\/post"}],"author":[{"embeddable":true,"href":"http:\/\/www.westerwaldverein-daaden.de\/blog\/wp-json\/wp\/v2\/users\/2"}],"replies":[{"embeddable":true,"href":"http:\/\/www.westerwaldverein-daaden.de\/blog\/wp-json\/wp\/v2\/comments?post=4523"}],"version-history":[{"count":2,"href":"http:\/\/www.westerwaldverein-daaden.de\/blog\/wp-json\/wp\/v2\/posts\/4523\/revisions"}],"predecessor-version":[{"id":4526,"href":"http:\/\/www.westerwaldverein-daaden.de\/blog\/wp-json\/wp\/v2\/posts\/4523\/revisions\/4526"}],"wp:attachment":[{"href":"http:\/\/www.westerwaldverein-daaden.de\/blog\/wp-json\/wp\/v2\/media?parent=4523"}],"wp:term":[{"taxonomy":"category","embeddable":true,"href":"http:\/\/www.westerwaldverein-daaden.de\/blog\/wp-json\/wp\/v2\/categories?post=4523"},{"taxonomy":"post_tag","embeddable":true,"href":"http:\/\/www.westerwaldverein-daaden.de\/blog\/wp-json\/wp\/v2\/tags?post=4523"}],"curies":[{"name":"wp","href":"https:\/\/api.w.org\/{rel}","templated":true}]}}