{"id":4540,"date":"2026-05-03T08:46:44","date_gmt":"2026-05-03T07:46:44","guid":{"rendered":"http:\/\/www.westerwaldverein-daaden.de\/blog\/?p=4540"},"modified":"2026-05-03T08:50:13","modified_gmt":"2026-05-03T07:50:13","slug":"mai-spaziergang-durch-die-holzbachschlucht","status":"publish","type":"post","link":"http:\/\/www.westerwaldverein-daaden.de\/blog\/2026\/05\/03\/mai-spaziergang-durch-die-holzbachschlucht\/","title":{"rendered":"Mai-Spaziergang durch die Holzbachschlucht"},"content":{"rendered":"<p>Diese ca. 4 Kilometer lange und interessante Familien- und Seniorenwanderung f\u00fchrt am <strong>Mittwoch, dem 20. Mai 2026<\/strong> in die Holzbachschlucht im Bereich Gem\u00fcnden, Winnen, Seck. Wanderf\u00fchrer Gerhard G\u00f6rg hat diese Tour vorbereitet und wird die Wanderfreunde durch diese sch\u00f6ne Schlucht f\u00fchren.<\/p>\n<p><strong>Treffpunkt ist um 13.30 Uhr am Parkplatz\/Festplatz in Daaden oder 14.15 Uhr direkt am Parkplatz an der Stra\u00dfe oberhalb vom Cafe Dapprich.<\/strong> Einkehr zur Schlussrast hat der Wanderf\u00fchrer sicher geplant.<\/p>\n<p>R\u00fcckfragen an Gerhard G\u00f6rg unter Tel. 02743\/3403.<\/p>\n","protected":false},"excerpt":{"rendered":"<p>Diese ca. 4 Kilometer lange und interessante Familien- und Seniorenwanderung f\u00fchrt am Mittwoch, dem 20. Mai 2026 in die Holzbachschlucht im Bereich Gem\u00fcnden, Winnen, Seck. Wanderf\u00fchrer Gerhard G\u00f6rg hat diese Tour vorbereitet und wird die Wanderfreunde durch diese sch\u00f6ne Schlucht f\u00fchren. Treffpunkt ist um 13.30 Uhr am Parkplatz\/Festplatz in Daaden oder 14.15 Uhr direkt am [&hellip;]<\/p>\n","protected":false},"author":2,"featured_media":0,"comment_status":"closed","ping_status":"closed","sticky":false,"template":"","format":"standard","meta":{"footnotes":""},"categories":[2],"tags":[],"class_list":["post-4540","post","type-post","status-publish","format-standard","hentry","category-ankuendigungen"],"_links":{"self":[{"href":"http:\/\/www.westerwaldverein-daaden.de\/blog\/wp-json\/wp\/v2\/posts\/4540","targetHints":{"allow":["GET"]}}],"collection":[{"href":"http:\/\/www.westerwaldverein-daaden.de\/blog\/wp-json\/wp\/v2\/posts"}],"about":[{"href":"http:\/\/www.westerwaldverein-daaden.de\/blog\/wp-json\/wp\/v2\/types\/post"}],"author":[{"embeddable":true,"href":"http:\/\/www.westerwaldverein-daaden.de\/blog\/wp-json\/wp\/v2\/users\/2"}],"replies":[{"embeddable":true,"href":"http:\/\/www.westerwaldverein-daaden.de\/blog\/wp-json\/wp\/v2\/comments?post=4540"}],"version-history":[{"count":1,"href":"http:\/\/www.westerwaldverein-daaden.de\/blog\/wp-json\/wp\/v2\/posts\/4540\/revisions"}],"predecessor-version":[{"id":4541,"href":"http:\/\/www.westerwaldverein-daaden.de\/blog\/wp-json\/wp\/v2\/posts\/4540\/revisions\/4541"}],"wp:attachment":[{"href":"http:\/\/www.westerwaldverein-daaden.de\/blog\/wp-json\/wp\/v2\/media?parent=4540"}],"wp:term":[{"taxonomy":"category","embeddable":true,"href":"http:\/\/www.westerwaldverein-daaden.de\/blog\/wp-json\/wp\/v2\/categories?post=4540"},{"taxonomy":"post_tag","embeddable":true,"href":"http:\/\/www.westerwaldverein-daaden.de\/blog\/wp-json\/wp\/v2\/tags?post=4540"}],"curies":[{"name":"wp","href":"https:\/\/api.w.org\/{rel}","templated":true}]}}