{"id":4542,"date":"2026-05-03T08:49:59","date_gmt":"2026-05-03T07:49:59","guid":{"rendered":"http:\/\/www.westerwaldverein-daaden.de\/blog\/?p=4542"},"modified":"2026-05-03T08:50:30","modified_gmt":"2026-05-03T07:50:30","slug":"der-westerwald-verein-daaden-laedt-ein-zum-wald-yoga","status":"publish","type":"post","link":"http:\/\/www.westerwaldverein-daaden.de\/blog\/2026\/05\/03\/der-westerwald-verein-daaden-laedt-ein-zum-wald-yoga\/","title":{"rendered":"Der Westerwald-Verein Daaden l\u00e4dt ein zum Wald-Yoga"},"content":{"rendered":"<p><strong>Sonntag 17.Mai 2026 Yoga trifft Wanderlust \u2013 Entspannung im Daadetal<\/strong><\/p>\n<p>Erlebe die wohltuende Verbindung von Bewegung, Natur und innerer Ruhe. Gemeinsam wandern wir zu den sch\u00f6nsten Orten des Daadetals und halten an ausgew\u00e4hlten Kraftorten inne. Hier werden wir Yoga und Achtsamkeits\u00fcbungen direkt im Wald praktizieren und eine tiefe Verbundenheit mit der Natur zu erleben. Die \u00dcbungen sind so gestaltet, dass alle mitmachen k\u00f6nnen. Die \u00dcbungen werden im Stehen durchgef\u00fchrt. Die reine Wanderzeit betr\u00e4gt ca. 1 Stunde. Gesamtzeit ca. 2 Std.<\/p>\n<p>Es besteht eine begrenzte Teilnahme und wir bitten um Anmeldung per Email an: <a href=\"mailto:lisas-westerwaldyoga@gmx.de\">lisas-westerwaldyoga@gmx.de<\/a><\/p>\n<p>Veranstalter der Wanderung ist der Westerwald-Verein Daaden e.V. Auch \u201eNicht-Mitglieder\u201c des Westerwald-Verein Daaden sind herzlich willkommen.<\/p>\n<p>Der Westerwald-Verein Daaden und seine Wanderf\u00fchrer \u00fcbernehmen keine Haftung bei etwaigen Unf\u00e4llen, Personen- oder Sachsch\u00e4den, Verlusten oder Versp\u00e4tungen.<\/p>\n<p>Leitung: Michael Bender und Lisa Mies-Bender<\/p>\n<p><strong>Treffpunkt ist um 9:30 Uhr in Daaden am Parkplatz\/Festplatz (N\u00e4he Bahnhof)<\/strong> Navigationsger\u00e4t: Daaden, Bahnhofstr. 6<\/p>\n<p>Kontakt: <a href=\"mailto:vorstand@westerwaldverein-daaden.de\">vorstand@westerwaldverein-daaden.de<\/a><\/p>\n","protected":false},"excerpt":{"rendered":"<p>Sonntag 17.Mai 2026 Yoga trifft Wanderlust \u2013 Entspannung im Daadetal Erlebe die wohltuende Verbindung von Bewegung, Natur und innerer Ruhe. Gemeinsam wandern wir zu den sch\u00f6nsten Orten des Daadetals und halten an ausgew\u00e4hlten Kraftorten inne. Hier werden wir Yoga und Achtsamkeits\u00fcbungen direkt im Wald praktizieren und eine tiefe Verbundenheit mit der Natur zu erleben. Die [&hellip;]<\/p>\n","protected":false},"author":2,"featured_media":0,"comment_status":"closed","ping_status":"closed","sticky":false,"template":"","format":"standard","meta":{"footnotes":""},"categories":[2],"tags":[],"class_list":["post-4542","post","type-post","status-publish","format-standard","hentry","category-ankuendigungen"],"_links":{"self":[{"href":"http:\/\/www.westerwaldverein-daaden.de\/blog\/wp-json\/wp\/v2\/posts\/4542","targetHints":{"allow":["GET"]}}],"collection":[{"href":"http:\/\/www.westerwaldverein-daaden.de\/blog\/wp-json\/wp\/v2\/posts"}],"about":[{"href":"http:\/\/www.westerwaldverein-daaden.de\/blog\/wp-json\/wp\/v2\/types\/post"}],"author":[{"embeddable":true,"href":"http:\/\/www.westerwaldverein-daaden.de\/blog\/wp-json\/wp\/v2\/users\/2"}],"replies":[{"embeddable":true,"href":"http:\/\/www.westerwaldverein-daaden.de\/blog\/wp-json\/wp\/v2\/comments?post=4542"}],"version-history":[{"count":2,"href":"http:\/\/www.westerwaldverein-daaden.de\/blog\/wp-json\/wp\/v2\/posts\/4542\/revisions"}],"predecessor-version":[{"id":4544,"href":"http:\/\/www.westerwaldverein-daaden.de\/blog\/wp-json\/wp\/v2\/posts\/4542\/revisions\/4544"}],"wp:attachment":[{"href":"http:\/\/www.westerwaldverein-daaden.de\/blog\/wp-json\/wp\/v2\/media?parent=4542"}],"wp:term":[{"taxonomy":"category","embeddable":true,"href":"http:\/\/www.westerwaldverein-daaden.de\/blog\/wp-json\/wp\/v2\/categories?post=4542"},{"taxonomy":"post_tag","embeddable":true,"href":"http:\/\/www.westerwaldverein-daaden.de\/blog\/wp-json\/wp\/v2\/tags?post=4542"}],"curies":[{"name":"wp","href":"https:\/\/api.w.org\/{rel}","templated":true}]}}