{"id":49,"date":"2005-12-11T18:00:34","date_gmt":"2005-12-11T17:00:34","guid":{"rendered":"http:\/\/www.westerwaldverein-daaden.de\/blog\/2005\/12\/08\/jahresabschlusswanderung-2005\/"},"modified":"2005-12-12T11:32:01","modified_gmt":"2005-12-12T10:32:01","slug":"jahresabschlusswanderung-2005","status":"publish","type":"post","link":"http:\/\/www.westerwaldverein-daaden.de\/blog\/2005\/12\/11\/jahresabschlusswanderung-2005\/","title":{"rendered":"Jahresabschlusswanderung 2005 f\u00fchrte zum Friedew\u00e4lder Schloss"},"content":{"rendered":"<p>Der Westerwaldverein Daaden e.V. f\u00fchrte am Sonntag seine traditionelle Abschlusswanderung durch. An der Wanderung, die rund zweieinhalb Stunden dauerte, nahmen 75 Personen teil. <\/p>\n<p><!--more--><\/p>\n<p align=\"center\"><img decoding=\"async\" align=\"center\" src=\"http:\/\/www.westerwaldverein-daaden.de\/blog\/wp-content\/abschluss_2005_1.jpg\" alt=\"Start in Daaden\" \/><\/p>\n<p>Start und Ziel der Wanderroute, wie sollte es anders sein, war Daaden. Von hier aus ging es zum Schloss Friedewald, wo es f\u00fcr die Wanderfreunde eine kleine St\u00e4rkung gab. Vom Schloss aus ging es dann in getrennten Gruppen wieder zur\u00fcck nach Daaden. Getrennte Gruppen bedeutet in diesem Fall: die Seniorengruppe nahm einen etwas weniger langen R\u00fcckweg. Getroffen wurde sich dann im Daadener Gasthof Andres, wo sich die Mitglieder des Vereins bei einem guten Mittagsessen st\u00e4rkten.<\/p>\n<p align=\"center\"><img decoding=\"async\" align=\"center\" src=\"http:\/\/www.westerwaldverein-daaden.de\/blog\/wp-content\/abschluss_2005_2.jpg\" alt=\"Gruppenbild\" \/><\/p>\n<p>Auch wenn dieses Wanderung als die eigentliche Jahresabschlusswanderung z\u00e4hlt, so gibt es in diesem Jahr doch noch eine Wanderung: die Fackelwanderung am 29. Dezember<\/p>\n<p><small>(Bericht und Fotos: Marc Rosenkranz, Emmerzhausen)<\/small><\/p>\n","protected":false},"excerpt":{"rendered":"<p>Der Westerwaldverein Daaden e.V. f\u00fchrte am Sonntag seine traditionelle Abschlusswanderung durch. An der Wanderung, die rund zweieinhalb Stunden dauerte, nahmen 75 Personen teil.<\/p>\n","protected":false},"author":2,"featured_media":0,"comment_status":"closed","ping_status":"closed","sticky":false,"template":"","format":"standard","meta":{"footnotes":""},"categories":[5],"tags":[],"class_list":["post-49","post","type-post","status-publish","format-standard","hentry","category-wanderungen"],"_links":{"self":[{"href":"http:\/\/www.westerwaldverein-daaden.de\/blog\/wp-json\/wp\/v2\/posts\/49","targetHints":{"allow":["GET"]}}],"collection":[{"href":"http:\/\/www.westerwaldverein-daaden.de\/blog\/wp-json\/wp\/v2\/posts"}],"about":[{"href":"http:\/\/www.westerwaldverein-daaden.de\/blog\/wp-json\/wp\/v2\/types\/post"}],"author":[{"embeddable":true,"href":"http:\/\/www.westerwaldverein-daaden.de\/blog\/wp-json\/wp\/v2\/users\/2"}],"replies":[{"embeddable":true,"href":"http:\/\/www.westerwaldverein-daaden.de\/blog\/wp-json\/wp\/v2\/comments?post=49"}],"version-history":[{"count":0,"href":"http:\/\/www.westerwaldverein-daaden.de\/blog\/wp-json\/wp\/v2\/posts\/49\/revisions"}],"wp:attachment":[{"href":"http:\/\/www.westerwaldverein-daaden.de\/blog\/wp-json\/wp\/v2\/media?parent=49"}],"wp:term":[{"taxonomy":"category","embeddable":true,"href":"http:\/\/www.westerwaldverein-daaden.de\/blog\/wp-json\/wp\/v2\/categories?post=49"},{"taxonomy":"post_tag","embeddable":true,"href":"http:\/\/www.westerwaldverein-daaden.de\/blog\/wp-json\/wp\/v2\/tags?post=49"}],"curies":[{"name":"wp","href":"https:\/\/api.w.org\/{rel}","templated":true}]}}