{"id":82,"date":"2006-08-15T14:00:33","date_gmt":"2006-08-15T12:00:33","guid":{"rendered":"http:\/\/www.westerwaldverein-daaden.de\/blog\/2006\/08\/15\/westerwald-verein-nimmt-sich-die-ruhebanke-in-daaden-vor\/"},"modified":"2006-08-15T14:00:33","modified_gmt":"2006-08-15T12:00:33","slug":"westerwald-verein-nimmt-sich-die-ruhebanke-in-daaden-vor","status":"publish","type":"post","link":"http:\/\/www.westerwaldverein-daaden.de\/blog\/2006\/08\/15\/westerwald-verein-nimmt-sich-die-ruhebanke-in-daaden-vor\/","title":{"rendered":"Westerwald-Verein nimmt sich die Ruheb\u00e4nke in Daaden vor"},"content":{"rendered":"<p>Es ist sicher vielen Wanderern und Spazierg\u00e4ngern schon aufgefallen: Rund um Daaden wurden die Ruheb\u00e4nke wieder auf Vordermann gebracht.  Einige waren ganz von Gras und Strauchwerk \u00fcberwuchert und viele drohten immer mehr zu verfallen. Der Westerwald-Verein Daaden hatte sich schon in den vergangenen Jahren einiger Ruheb\u00e4nke angenommen.<\/p>\n<p><!--more--><\/p>\n<p align=\"center\"><img decoding=\"async\" src=\"http:\/\/www.westerwaldverein-daaden.de\/blog\/wp-content\/wwv_instandsetzung_ruhebaenke_k_1.jpg\" alt=\"Instandstetzung Ruheb\u00e4nke\" \/><br \/><small>Ruhebank versteckt im Geb\u00fcsch<\/small><\/p>\n<p>Kurt Pl\u00e4cking hatte dann auf der letzten Jahreshauptversammlung angeregt, m\u00f6glichst alle Ruheb\u00e4nke an den Spazierwegen zu \u00fcberpr\u00fcfen, auszubessern und zu streichen. So wie der Zustand bei vielen B\u00e4nken war, konnte sich auch niemand mehr zu einer Rast darauf niederlassen.<\/p>\n<p align=\"center\"><img decoding=\"async\" src=\"http:\/\/www.westerwaldverein-daaden.de\/blog\/wp-content\/wwv_instandsetzung_ruhebaenke_k_2.jpg\" alt=\"Instandstetzung Ruheb\u00e4nke\" \/><br \/><small>Aufwuchs wird beseitigt<\/small><\/p>\n<p>Er und Walter Hartstang haben sich nun in den letzten Wochen mit der Aufarbeitung und Reparatur der Ruheb\u00e4nke besch\u00e4ftigt und auch die Standorte vom Aufwuchs freigeschnitten. Die Ruheb\u00e4nke selbst wurden gestrichen, kaputte Lehnen und Sitzleisten ausgebessert bzw. durch neue H\u00f6lzer ersetzt. <\/p>\n<p align=\"center\"><img decoding=\"async\" src=\"http:\/\/www.westerwaldverein-daaden.de\/blog\/wp-content\/wwv_instandsetzung_ruhebaenke_k_3.jpg\" alt=\"Instandstetzung Ruheb\u00e4nke\" \/><br \/><small>Bank wird ges\u00e4ubert und neu gestrichen<\/small><\/p>\n<p>Beim Aufarbeiten der mehr als 30 B\u00e4nken, waren beide viele Stunden ehrenamtlich im Einsatz und haben einiges an Material, das von der Gemeinde gestellt wurde, verarbeitet. Beiden sei an dieser Stelle f\u00fcr ihren Einsatz herzlich gedankt.<\/p>\n","protected":false},"excerpt":{"rendered":"<p>Es ist sicher vielen Wanderern und Spazierg\u00e4ngern schon aufgefallen: Rund um Daaden wurden die Ruheb\u00e4nke wieder auf Vordermann gebracht. Einige waren ganz von Gras und Strauchwerk \u00fcberwuchert und viele drohten immer mehr zu verfallen. Der Westerwald-Verein Daaden hatte sich schon in den vergangenen Jahren einiger Ruheb\u00e4nke angenommen.<\/p>\n","protected":false},"author":2,"featured_media":0,"comment_status":"closed","ping_status":"closed","sticky":false,"template":"","format":"standard","meta":{"footnotes":""},"categories":[3],"tags":[],"class_list":["post-82","post","type-post","status-publish","format-standard","hentry","category-heimatgeschichte"],"_links":{"self":[{"href":"http:\/\/www.westerwaldverein-daaden.de\/blog\/wp-json\/wp\/v2\/posts\/82","targetHints":{"allow":["GET"]}}],"collection":[{"href":"http:\/\/www.westerwaldverein-daaden.de\/blog\/wp-json\/wp\/v2\/posts"}],"about":[{"href":"http:\/\/www.westerwaldverein-daaden.de\/blog\/wp-json\/wp\/v2\/types\/post"}],"author":[{"embeddable":true,"href":"http:\/\/www.westerwaldverein-daaden.de\/blog\/wp-json\/wp\/v2\/users\/2"}],"replies":[{"embeddable":true,"href":"http:\/\/www.westerwaldverein-daaden.de\/blog\/wp-json\/wp\/v2\/comments?post=82"}],"version-history":[{"count":0,"href":"http:\/\/www.westerwaldverein-daaden.de\/blog\/wp-json\/wp\/v2\/posts\/82\/revisions"}],"wp:attachment":[{"href":"http:\/\/www.westerwaldverein-daaden.de\/blog\/wp-json\/wp\/v2\/media?parent=82"}],"wp:term":[{"taxonomy":"category","embeddable":true,"href":"http:\/\/www.westerwaldverein-daaden.de\/blog\/wp-json\/wp\/v2\/categories?post=82"},{"taxonomy":"post_tag","embeddable":true,"href":"http:\/\/www.westerwaldverein-daaden.de\/blog\/wp-json\/wp\/v2\/tags?post=82"}],"curies":[{"name":"wp","href":"https:\/\/api.w.org\/{rel}","templated":true}]}}